{"id":17325,"date":"2011-04-12T14:23:52","date_gmt":"2011-04-12T12:23:52","guid":{"rendered":"https:\/\/mediarun.com\/index.php\/news-posts\/beata-monka-prezesem-spolki-canal-cyfrowy\/"},"modified":"2011-04-12T14:23:52","modified_gmt":"2011-04-12T12:23:52","slug":"beata-monka-prezesem-spolki-canal-cyfrowy","status":"publish","type":"post","link":"https:\/\/mediarun.com\/pl\/media\/tv\/beata-monka-prezesem-spolki-canal-cyfrowy.html","title":{"rendered":"Beata Mo\u0144ka prezesem sp\u00f3\u0142ki Canal+ Cyfrowy"},"content":{"rendered":"<p>W ramach struktur Canal+ Group, Mo\u0144ka b\u0119dzie raportowa\u0107 do Guy Lafarge&#8217;a, CEO Canal+ Overseas, sp&oacute;\u0142ki prowadz\u0105cej dzia\u0142ania p\u0142atnej telewizji na rynkach mi\u0119dzynarodowych.<\/p>\n<p>Do czerwca br. w nowe obowi\u0105zki Beat\u0119 Mo\u0144k\u0119 wprowadza\u0107 b\u0119dzie Jacques-Aymar de Roquefeuil, zast\u0119pca dyrektora generalnego ds. marketingu Canal+ Overseas, pe\u0142ni\u0105cy od grudnia 2010 r. funkcj\u0119 CEO sp&oacute;\u0142ki Canal+ Cyfrowy.<\/p>\n<p>Beata Mo\u0144ka ma 17-letnie do\u015bwiadczenie w zarz\u0105dzaniu, marketingu i sprzeda\u017cy. Przez ostatnie ponad 5 lat pe\u0142ni\u0142a funkcj\u0119 prezesa zarz\u0105du i dyrektora generalnego grupy komunikacyjnej Young&amp;Rubicam Brands z holdingu WPP. W ramach Y&amp;R Brands zarz\u0105dza\u0142a kilkoma sp&oacute;\u0142kami (m. in. Y&amp;R, Wunderman, Raymond, itd.), w kt&oacute;rych tworzy\u0142a i rozwija\u0142a us\u0142ugi w zakresie doradztwa strategicznego, brand coachingu, bada\u0144, reklamy, public relations, CSR, digital\/ interactive, event&oacute;w, marketingu sportowego, produkcji telewizyjnej (w tym 2D i 3D), radiowej, internetowej i wydawniczej.<\/p>\n<p>Karier\u0119 zawodow\u0105 rozpocz\u0119\u0142a w agencji Young&amp;Rubicam w Melbourne, w Australii. Po powrocie do Polski do\u0142\u0105czy\u0142a do Grey Warszawa. Nast\u0119pnie pracowa\u0142a w grupie DDB, gdzie pe\u0142ni\u0142a funkcj\u0119 zast\u0119pcy dyrektora zarz\u0105dzaj\u0105cego i cz\u0142onka zarz\u0105du odpowiadaj\u0105c za obs\u0142ug\u0119 klient&oacute;w oraz dzia\u0142alno\u015b\u0107 operacyjn\u0105 i rozw&oacute;j agencji CP DDB i sp&oacute;\u0142ek grupy.<\/p>\n<p>W 2004 roku obj\u0119\u0142a stanowisko cz\u0142onka zarz\u0105du i dyrektora zarz\u0105dzaj\u0105cego ds. marketingu i sprzeda\u017cy w wydawnictwie Axel Springer (odpowiadaj\u0105c m.in. za takie tytu\u0142y, jak Fakt, Newsweek czy Forbes).<\/p>\n<p>Beata Mo\u0144ka jest cz\u0142onkiem Komitetu Organizacyjnego konkursu Effie Awards, jurork\u0105 konkursu Media Trendy, cz\u0142onkiem zarz\u0105du Stowarzyszenia Komunikacji Marketingowej SAR i wyk\u0142adowc\u0105 w Szkole Strategii Marki SAR, cz\u0142onkiem IAB oraz Klubu Rady Polskiego Biznesu.<\/p>\n","protected":false},"excerpt":{"rendered":"4 maja br. Beata Mo\u0144ka obejmie stanowisko prezesa zarz\u0105du i dyrektora generalnego Canal+ Cyfrowy.","protected":false},"author":1,"featured_media":17326,"comment_status":"open","ping_status":"closed","sticky":false,"template":"","format":"standard","meta":{"csco_display_header_overlay":false,"csco_singular_sidebar":"","csco_page_header_type":"","csco_page_load_nextpost":"","csco_post_video_location":[],"csco_post_video_location_hash":"","csco_post_video_url":"","csco_post_video_bg_start_time":0,"csco_post_video_bg_end_time":0,"footnotes":""},"categories":[9670],"tags":[518],"class_list":{"0":"post-17325","1":"post","2":"type-post","3":"status-publish","4":"format-standard","5":"has-post-thumbnail","7":"category-tv","8":"tag-canal","9":"cs-entry","10":"cs-video-wrap"},"_links":{"self":[{"href":"https:\/\/mediarun.com\/pl\/wp-json\/wp\/v2\/posts\/17325","targetHints":{"allow":["GET"]}}],"collection":[{"href":"https:\/\/mediarun.com\/pl\/wp-json\/wp\/v2\/posts"}],"about":[{"href":"https:\/\/mediarun.com\/pl\/wp-json\/wp\/v2\/types\/post"}],"author":[{"embeddable":true,"href":"https:\/\/mediarun.com\/pl\/wp-json\/wp\/v2\/users\/1"}],"replies":[{"embeddable":true,"href":"https:\/\/mediarun.com\/pl\/wp-json\/wp\/v2\/comments?post=17325"}],"version-history":[{"count":0,"href":"https:\/\/mediarun.com\/pl\/wp-json\/wp\/v2\/posts\/17325\/revisions"}],"wp:featuredmedia":[{"embeddable":true,"href":"https:\/\/mediarun.com\/pl\/wp-json\/wp\/v2\/media\/17326"}],"wp:attachment":[{"href":"https:\/\/mediarun.com\/pl\/wp-json\/wp\/v2\/media?parent=17325"}],"wp:term":[{"taxonomy":"category","embeddable":true,"href":"https:\/\/mediarun.com\/pl\/wp-json\/wp\/v2\/categories?post=17325"},{"taxonomy":"post_tag","embeddable":true,"href":"https:\/\/mediarun.com\/pl\/wp-json\/wp\/v2\/tags?post=17325"}],"curies":[{"name":"wp","href":"https:\/\/api.w.org\/{rel}","templated":true}]}}