{"id":173104,"date":"2016-10-17T10:56:05","date_gmt":"2016-10-17T08:56:05","guid":{"rendered":"https:\/\/mediarun.com\/pl\/?p=173104"},"modified":"2017-03-22T21:39:38","modified_gmt":"2017-03-22T20:39:38","slug":"dyrektor-grayling-dolacza-weber-shandwick","status":"publish","type":"post","link":"https:\/\/mediarun.com\/pl\/ludzie\/kariera\/dyrektor-grayling-dolacza-weber-shandwick.html","title":{"rendered":"Dyrektor Grayling przechodzi do Weber Shandwick"},"content":{"rendered":"<h3>Z pocz\u0105tkiem pa\u017adziernika, do zespo\u0142u Weber Shandwick w Polsce do\u0142\u0105czy\u0142a Marta Paleczna, obejmuj\u0105c stanowisko Dyrektora Komunikacji Marketingowej. Marta posiada kilkunastoletnie do\u015bwiadczenie w bran\u017cy public relations i specjalizuje si\u0119 w prowadzeniu mi\u0119dzynarodowych, og\u00f3lnopolskich i ponadregionalnych kampanii wykorzystuj\u0105cych r\u00f3\u017cne narz\u0119dzia PR i marketing, w tym dzia\u0142ania promocyjno-reklamowe w Polsce i na wielu rynkach, zar\u00f3wno dla sektora publicznego jak i firm komercyjnych.<\/h3>\n<p>Do jej obowi\u0105zk\u00f3w w Weber Shandwick, b\u0119dzie nale\u017ca\u0142 nadz\u00f3r nad pracami i rozw\u00f3j zespo\u0142u konsumenckiego, projektowanie i realizacja dedykowanych kampanii komunikacyjnych, opieraj\u0105cych si\u0119 w zale\u017cno\u015bci od potrzeb klienta o podstawowe dzia\u0142ania PR, poprzez zaawansowane kampanie po kompleksowe rozwi\u0105zania wykorzystuj\u0105ce r\u00f3\u017cne narz\u0119dzia PR i ePR oraz promocj\u0119, a tak\u017ce zarz\u0105dzanie wizerunkiem marki (brand management). Marta b\u0119dzie raportowa\u0142a bezpo\u015brednio do Dyrektor Zarz\u0105dzaj\u0105cej agencji w Polsce, Agnieszki Dziedzic.<\/p>\n<p>Przed do\u0142\u0105czeniem do zespo\u0142u Weber Shandwick, Marta by\u0142a Dyrektorem Marketingu i Komunikacji w Grayling Poland.<\/p>\n<h4>Przeczytaj te\u017c:<\/h4>\n<ul>\n<li><a href=\"https:\/\/mediarun.com\/ludzie\/kariera\/samsung-electronics-nowym-dyrektorem.html\">Samsung Electronics Polska z nowym dyrektorem<\/a><\/li>\n<li><a href=\"https:\/\/mediarun.com\/ludzie\/kariera\/skoda-auto-polska-awansami-nowym-stanowiskiem.html\">\u0160KODA du\u017ce zmiany w dziale marketingu<\/a><\/li>\n<li><a href=\"https:\/\/mediarun.com\/ludzie\/kariera\/marvipol-nowy-dyrektor-sprzedazy-marketingu.html\">Marvipol \u2013 Nowy dyrektor marketingu i sprzeda\u017cy<\/a><\/li>\n<\/ul>\n","protected":false},"excerpt":{"rendered":"Z pocz\u0105tkiem pa\u017adziernika, do zespo\u0142u Weber Shandwick w Polsce do\u0142\u0105czy\u0142a Marta Paleczna, obejmuj\u0105c stanowisko Dyrektora Komunikacji Marketingowej. Marta&hellip;","protected":false},"author":2,"featured_media":173105,"comment_status":"open","ping_status":"closed","sticky":false,"template":"","format":"standard","meta":{"csco_display_header_overlay":false,"csco_singular_sidebar":"","csco_page_header_type":"","csco_page_load_nextpost":"","csco_post_video_location":[],"csco_post_video_location_hash":"","csco_post_video_url":"","csco_post_video_bg_start_time":0,"csco_post_video_bg_end_time":0,"footnotes":""},"categories":[9677,9678,5909],"tags":[3621,10999,10979,982,4679,10998,402],"class_list":{"0":"post-173104","1":"post","2":"type-post","3":"status-publish","4":"format-standard","5":"has-post-thumbnail","7":"category-ludzie","8":"category-awanse","9":"category-kariera","10":"tag-awans","11":"tag-grayling-poland","12":"tag-kadra","13":"tag-kariera","14":"tag-ludzie","15":"tag-marta-paleczna","16":"tag-weber-shandwick","17":"cs-entry","18":"cs-video-wrap"},"_links":{"self":[{"href":"https:\/\/mediarun.com\/pl\/wp-json\/wp\/v2\/posts\/173104","targetHints":{"allow":["GET"]}}],"collection":[{"href":"https:\/\/mediarun.com\/pl\/wp-json\/wp\/v2\/posts"}],"about":[{"href":"https:\/\/mediarun.com\/pl\/wp-json\/wp\/v2\/types\/post"}],"author":[{"embeddable":true,"href":"https:\/\/mediarun.com\/pl\/wp-json\/wp\/v2\/users\/2"}],"replies":[{"embeddable":true,"href":"https:\/\/mediarun.com\/pl\/wp-json\/wp\/v2\/comments?post=173104"}],"version-history":[{"count":0,"href":"https:\/\/mediarun.com\/pl\/wp-json\/wp\/v2\/posts\/173104\/revisions"}],"wp:featuredmedia":[{"embeddable":true,"href":"https:\/\/mediarun.com\/pl\/wp-json\/wp\/v2\/media\/173105"}],"wp:attachment":[{"href":"https:\/\/mediarun.com\/pl\/wp-json\/wp\/v2\/media?parent=173104"}],"wp:term":[{"taxonomy":"category","embeddable":true,"href":"https:\/\/mediarun.com\/pl\/wp-json\/wp\/v2\/categories?post=173104"},{"taxonomy":"post_tag","embeddable":true,"href":"https:\/\/mediarun.com\/pl\/wp-json\/wp\/v2\/tags?post=173104"}],"curies":[{"name":"wp","href":"https:\/\/api.w.org\/{rel}","templated":true}]}}