{"id":17249,"date":"2011-04-14T12:57:31","date_gmt":"2011-04-14T10:57:31","guid":{"rendered":"https:\/\/mediarun.com\/index.php\/news-posts\/64-festiwal-filmowy-cannes-2011-w-canal\/"},"modified":"2011-04-14T12:57:31","modified_gmt":"2011-04-14T10:57:31","slug":"64-festiwal-filmowy-cannes-2011-w-canal","status":"publish","type":"post","link":"https:\/\/mediarun.com\/pl\/media\/tv\/64-festiwal-filmowy-cannes-2011-w-canal.html","title":{"rendered":"64. Festiwal Filmowy Cannes 2011 w Canal+"},"content":{"rendered":"<p><a href=\"http:\/\/dlafirm.mediarun.pl\/katalog\/firma\/canal+,6506,1.html\" target=\"_blank\" rel=\"noopener\">Canal+<\/a> poka\u017ce skr&oacute;con\u0105 relacj\u0119 z uroczystego otwarcia festiwalu i transmisj\u0119 z wr\u0119czenia nagr&oacute;d. Festiwalowi b\u0119d\u0105 r&oacute;wnie\u017c po\u015bwi\u0119cone codzienne &#8222;Kroniki festiwalowe Cannes 2011&#8221; oraz specjalne wydania &#8222;Aktualno\u015bci filmowych Cannes 2011&#8221;, programy realizowane przez obecn\u0105 na miejscu ekip\u0119 Canal+.<\/p>\n<p>W ramach canne\u0144skiego festiwalu w \u015brod\u0119 11 maja o godz. 21.00 Canal+ przeprowadzi retransmisj\u0119 z ceremonii otwarcia festiwalu, za\u015b w niedziel\u0119 22 maja relacj\u0119 na \u017cywo z gali zamkni\u0119cia i wr\u0119czenia nagr&oacute;d.<\/p>\n<p>W czasie trwania canne\u0144skiego festiwalu nie zabraknie bie\u017c\u0105cych informacji, komentarzy i podsumowa\u0144 dotycz\u0105cych imprezy w prowadzonych przez Agnieszk\u0119 Egeman &#8222;Kronikach festiwalowych Cannes 2011&#8221;, czyli kilkuminutowych relacjach nadawanych codziennie od 16 do 20 maja oraz specjalnych wydaniach &#8222;Aktualno\u015bci filmowych Cannes 2011&#8221; w sobot\u0119 14 maja i niedziel\u0119 22 maja.<\/p>\n<p>Uzupe\u0142nieniem canne\u0144skiego programu na antenie Canal+ b\u0119dzie premiera dokumentu &#8222;Gilles Jacob &#8211; obywatel Cannes&#8221;, opowiadaj\u0105cego o &#8222;Monsieur Cinema&#8221;, cz\u0142owieku legendzie, kt&oacute;ry od 1978 roku jest dyrektorem canne\u0144skiego festiwalu.<\/p>\n<p>Mi\u0119dzynarodowy Festiwal Filmowy w Cannes to trzecie wydarzenie z tegorocznego kalendarza najwa\u017cniejszych imprez filmowych, kt&oacute;re Canal+ relacjonuje jako jedyna polska telewizja. Wcze\u015bniej stacja transmitowa\u0142a gal\u0119 oscarow\u0105 i pokaza\u0142a relacj\u0119 z Nocy Cezar&oacute;w.<\/p>\n","protected":false},"excerpt":{"rendered":"Canal+ zaprasza do ogl\u0105dania relacji z 64. Mi\u0119dzynarodowego Festiwalu Filmowego w Cannes.","protected":false},"author":1,"featured_media":17250,"comment_status":"open","ping_status":"closed","sticky":false,"template":"","format":"standard","meta":{"csco_display_header_overlay":false,"csco_singular_sidebar":"","csco_page_header_type":"","csco_page_load_nextpost":"","csco_post_video_location":[],"csco_post_video_location_hash":"","csco_post_video_url":"","csco_post_video_bg_start_time":0,"csco_post_video_bg_end_time":0,"footnotes":""},"categories":[9670],"tags":[518],"class_list":{"0":"post-17249","1":"post","2":"type-post","3":"status-publish","4":"format-standard","5":"has-post-thumbnail","7":"category-tv","8":"tag-canal","9":"cs-entry","10":"cs-video-wrap"},"_links":{"self":[{"href":"https:\/\/mediarun.com\/pl\/wp-json\/wp\/v2\/posts\/17249","targetHints":{"allow":["GET"]}}],"collection":[{"href":"https:\/\/mediarun.com\/pl\/wp-json\/wp\/v2\/posts"}],"about":[{"href":"https:\/\/mediarun.com\/pl\/wp-json\/wp\/v2\/types\/post"}],"author":[{"embeddable":true,"href":"https:\/\/mediarun.com\/pl\/wp-json\/wp\/v2\/users\/1"}],"replies":[{"embeddable":true,"href":"https:\/\/mediarun.com\/pl\/wp-json\/wp\/v2\/comments?post=17249"}],"version-history":[{"count":0,"href":"https:\/\/mediarun.com\/pl\/wp-json\/wp\/v2\/posts\/17249\/revisions"}],"wp:featuredmedia":[{"embeddable":true,"href":"https:\/\/mediarun.com\/pl\/wp-json\/wp\/v2\/media\/17250"}],"wp:attachment":[{"href":"https:\/\/mediarun.com\/pl\/wp-json\/wp\/v2\/media?parent=17249"}],"wp:term":[{"taxonomy":"category","embeddable":true,"href":"https:\/\/mediarun.com\/pl\/wp-json\/wp\/v2\/categories?post=17249"},{"taxonomy":"post_tag","embeddable":true,"href":"https:\/\/mediarun.com\/pl\/wp-json\/wp\/v2\/tags?post=17249"}],"curies":[{"name":"wp","href":"https:\/\/api.w.org\/{rel}","templated":true}]}}