{"id":172447,"date":"2016-09-07T16:12:15","date_gmt":"2016-09-07T14:12:15","guid":{"rendered":"https:\/\/mediarun.com\/pl\/?p=172447"},"modified":"2016-09-07T16:12:15","modified_gmt":"2016-09-07T14:12:15","slug":"barbara-boszczyk-przechodzi-starcom-polska","status":"publish","type":"post","link":"https:\/\/mediarun.com\/pl\/ludzie\/barbara-boszczyk-przechodzi-starcom-polska.html","title":{"rendered":"Barbara Boszczyk przechodzi do Starcom Polska"},"content":{"rendered":"<h2 style=\"text-align: justify;\"><strong>Barbara Boszczyk, ostatnio \u00a0Media Manager w domu mediowym Initiative Warszawa, do\u0142\u0105czy\u0142a do agencji Starcom Polska, gdzie obejmie stanowisk0 Communications Managera. <\/strong><\/h2>\n<p style=\"text-align: justify;\">Boszczyk b\u0119dzie odpowiedzialna za obs\u0142ug\u0119 m.in. Grupy TVN w zakresie strategii komunikacji, planowania i zakupu wszystkich medi\u00f3w.<\/p>\n<p style=\"text-align: justify;\">Swoj\u0105\u00a0karier\u0119 w bran\u017cy marketingowej rozpocz\u0119\u0142a w 2007 r. Pracowa\u0142a w domach mediowych MEC oraz Initiative Warszawa. Opiekowa\u0142a si\u0119 takimi klientami jak Orange, Coty, Johnson&amp;Johnson, a ostatnio BMW Group. Jest absolwentk\u0105 socjologii na Wydziale Filozofii i Socjologii Uniwersytetu Warszawskiego. Prywatnie interesuje si\u0119 designem i projektowaniem wn\u0119trz.<\/p>\n","protected":false},"excerpt":{"rendered":"Barbara Boszczyk, ostatnio \u00a0Media Manager w domu mediowym Initiative Warszawa, do\u0142\u0105czy\u0142a do agencji Starcom Polska, gdzie obejmie stanowisk0&hellip;","protected":false},"author":32,"featured_media":172448,"comment_status":"open","ping_status":"closed","sticky":false,"template":"","format":"standard","meta":{"csco_display_header_overlay":false,"csco_singular_sidebar":"","csco_page_header_type":"","csco_page_load_nextpost":"","csco_post_video_location":[],"csco_post_video_location_hash":"","csco_post_video_url":"","csco_post_video_bg_start_time":0,"csco_post_video_bg_end_time":0,"footnotes":""},"categories":[9677],"tags":[10845,1743,377,98],"class_list":{"0":"post-172447","1":"post","2":"type-post","3":"status-publish","4":"format-standard","5":"has-post-thumbnail","7":"category-ludzie","8":"tag-barbara-boszczyk","9":"tag-initiative-warszawa","10":"tag-starcom","11":"tag-tvn","12":"cs-entry","13":"cs-video-wrap"},"_links":{"self":[{"href":"https:\/\/mediarun.com\/pl\/wp-json\/wp\/v2\/posts\/172447","targetHints":{"allow":["GET"]}}],"collection":[{"href":"https:\/\/mediarun.com\/pl\/wp-json\/wp\/v2\/posts"}],"about":[{"href":"https:\/\/mediarun.com\/pl\/wp-json\/wp\/v2\/types\/post"}],"author":[{"embeddable":true,"href":"https:\/\/mediarun.com\/pl\/wp-json\/wp\/v2\/users\/32"}],"replies":[{"embeddable":true,"href":"https:\/\/mediarun.com\/pl\/wp-json\/wp\/v2\/comments?post=172447"}],"version-history":[{"count":0,"href":"https:\/\/mediarun.com\/pl\/wp-json\/wp\/v2\/posts\/172447\/revisions"}],"wp:featuredmedia":[{"embeddable":true,"href":"https:\/\/mediarun.com\/pl\/wp-json\/wp\/v2\/media\/172448"}],"wp:attachment":[{"href":"https:\/\/mediarun.com\/pl\/wp-json\/wp\/v2\/media?parent=172447"}],"wp:term":[{"taxonomy":"category","embeddable":true,"href":"https:\/\/mediarun.com\/pl\/wp-json\/wp\/v2\/categories?post=172447"},{"taxonomy":"post_tag","embeddable":true,"href":"https:\/\/mediarun.com\/pl\/wp-json\/wp\/v2\/tags?post=172447"}],"curies":[{"name":"wp","href":"https:\/\/api.w.org\/{rel}","templated":true}]}}