{"id":172155,"date":"2016-08-25T12:07:13","date_gmt":"2016-08-25T10:07:13","guid":{"rendered":"https:\/\/mediarun.com\/pl\/?p=172155"},"modified":"2016-08-25T12:24:24","modified_gmt":"2016-08-25T10:24:24","slug":"tomasz-machala-odchodzi-natemat","status":"publish","type":"post","link":"https:\/\/mediarun.com\/pl\/ludzie\/tomasz-machala-odchodzi-natemat.html","title":{"rendered":"Tomasz Macha\u0142a odchodzi z naTemat"},"content":{"rendered":"<h2 style=\"text-align: justify;\"><strong>Do Grupy Wirtualna Polska ju\u017c w listopadzie do\u0142\u0105czy Tomasz Macha\u0142a.\u00a0W WP\u00a0b\u0119dzie odpowiada\u0142 za opracowywanie i realizacj\u0119 strategii wydawniczej. Bezpo\u015brednio do niego b\u0119d\u0105 raportowa\u0107 Krzysztof Jurowski i Tomasz Grynkiewicz. Dotychczas Macha\u0142a by\u0142 zwi\u0105zany z serwisem naTemat.<\/strong><\/h2>\n<p style=\"text-align: justify;\"><em>W Grupie WP widz\u0119 wa\u017cne dla mnie warto\u015bci: energi\u0119, gotowo\u015b\u0107 podejmowania wyzwa\u0144, determinacj\u0119 w rozwoju, odwag\u0119, ducha przedsi\u0119biorczo\u015bci &#8212; <\/em>m\u00f3wi Macha\u0142a,\u00a0kt\u00f3ry &#8212; wed\u0142ug oczekiwa\u0144 szef\u00f3w Wirtualnej Polski &#8212; \u00a0wzmocni kompetencje Grupy w dziedzinie tworzenia jako\u015bciowych tre\u015bci<em>. \u00a0<\/em><\/p>\n<p style=\"text-align: justify;\"><em>Ekscytuj\u0105ce wydaje mi si\u0119 po\u0142\u0105czenie wielko\u015bci, a wi\u0119c mo\u017cliwo\u015bci firmy, z jej dynamiczn\u0105 innowacyjno\u015bci\u0105, otwarto\u015bci\u0105 na zmiany, \u015bwie\u017ce pomys\u0142y, tak\u017ce ryzyko. Z rado\u015bci\u0105 my\u015bl\u0119 o pracy z nowym zespo\u0142em, o wielkich rzeczach, kt\u00f3re uda nam si\u0119 razem osi\u0105gn\u0105\u0107. WP jest liderem rynku, chc\u0119 wi\u0119c by media Grupy by\u0142y najwa\u017cniejszymi w Polsce \u017ar\u00f3d\u0142ami informacji i opinii <\/em>&#8212; dodaje Tomasz Macha\u0142a.<\/p>\n<p style=\"text-align: justify;\">Natomiast serwisami turystycznymi, z kt\u00f3rymi WP wi\u0105\u017ce du\u017ce nadzieje w segmencie e-commerce, pokieruje Jakub Biczkowski.<\/p>\n","protected":false},"excerpt":{"rendered":"Do Grupy Wirtualna Polska ju\u017c w listopadzie do\u0142\u0105czy Tomasz Macha\u0142a.\u00a0W WP\u00a0b\u0119dzie odpowiada\u0142 za opracowywanie i realizacj\u0119 strategii wydawniczej.&hellip;","protected":false},"author":32,"featured_media":172164,"comment_status":"open","ping_status":"closed","sticky":false,"template":"","format":"standard","meta":{"csco_display_header_overlay":false,"csco_singular_sidebar":"","csco_page_header_type":"","csco_page_load_nextpost":"","csco_post_video_location":[],"csco_post_video_location_hash":"","csco_post_video_url":"","csco_post_video_bg_start_time":0,"csco_post_video_bg_end_time":0,"footnotes":""},"categories":[9677],"tags":[10595,10767,594,6857],"class_list":{"0":"post-172155","1":"post","2":"type-post","3":"status-publish","4":"format-standard","5":"has-post-thumbnail","7":"category-ludzie","8":"tag-natemat","9":"tag-tomasz-machala","10":"tag-wirtualna-polska","11":"tag-wp","12":"cs-entry","13":"cs-video-wrap"},"_links":{"self":[{"href":"https:\/\/mediarun.com\/pl\/wp-json\/wp\/v2\/posts\/172155","targetHints":{"allow":["GET"]}}],"collection":[{"href":"https:\/\/mediarun.com\/pl\/wp-json\/wp\/v2\/posts"}],"about":[{"href":"https:\/\/mediarun.com\/pl\/wp-json\/wp\/v2\/types\/post"}],"author":[{"embeddable":true,"href":"https:\/\/mediarun.com\/pl\/wp-json\/wp\/v2\/users\/32"}],"replies":[{"embeddable":true,"href":"https:\/\/mediarun.com\/pl\/wp-json\/wp\/v2\/comments?post=172155"}],"version-history":[{"count":0,"href":"https:\/\/mediarun.com\/pl\/wp-json\/wp\/v2\/posts\/172155\/revisions"}],"wp:featuredmedia":[{"embeddable":true,"href":"https:\/\/mediarun.com\/pl\/wp-json\/wp\/v2\/media\/172164"}],"wp:attachment":[{"href":"https:\/\/mediarun.com\/pl\/wp-json\/wp\/v2\/media?parent=172155"}],"wp:term":[{"taxonomy":"category","embeddable":true,"href":"https:\/\/mediarun.com\/pl\/wp-json\/wp\/v2\/categories?post=172155"},{"taxonomy":"post_tag","embeddable":true,"href":"https:\/\/mediarun.com\/pl\/wp-json\/wp\/v2\/tags?post=172155"}],"curies":[{"name":"wp","href":"https:\/\/api.w.org\/{rel}","templated":true}]}}