{"id":17213,"date":"2011-04-15T01:17:58","date_gmt":"2011-04-14T23:17:58","guid":{"rendered":"https:\/\/mediarun.com\/index.php\/news-posts\/kozyra-zastapi-wojewodzkiego-w-mam-talent\/"},"modified":"2011-04-15T01:17:58","modified_gmt":"2011-04-14T23:17:58","slug":"kozyra-zastapi-wojewodzkiego-w-mam-talent","status":"publish","type":"post","link":"https:\/\/mediarun.com\/pl\/media\/tv\/kozyra-zastapi-wojewodzkiego-w-mam-talent.html","title":{"rendered":"Kozyra zast\u0105pi Wojew\u00f3dzkiego w &#8222;Mam talent!&#8221;"},"content":{"rendered":"<p>Zdaniem dziennika potwierdza to m.in. ostatni felieton Kuby Wojew&oacute;dzkiego, aktualnie jurora w programie muzycznym &#8222;X Factor&#8221;, opublikowany w tygodniku Polityka.<\/p>\n<p>&#8222;Zmiany, zmiany, zmiany szykuj\u0105 si\u0119 w popularnym &#8222;Mam talent&#8221;. Z pierwszej r\u0119ki wiem, \u017ce poprzedni sk\u0142ad programu jest ju\u017c histori\u0105. Podobno na miejsce dotychczasowego jurora ma si\u0119 pojawi\u0107 by\u0142y szef Radia Zet Robert Kozyra. Dobry strza\u0142! Nienawi\u015b\u0107 to \u015bwietny medialny towar&#8221; &#8211; napisa\u0142 Wojew&oacute;dzki w swojej rubryce &#8222;Mea pulpa&#8221;.<\/p>\n<p>Dziennik przypomina, \u017ce obaj panowie za sob\u0105&nbsp;nie przepadaj\u0105 i przytacza liczne utarczki s\u0142owne Kozyry i Wojew&oacute;dzkiego.<\/p>\n<p>W jury programu &#8222;Mam talent!&#8221; obok Kuby Wojew&oacute;dzkiego zasiada\u0142y r&oacute;wnie\u017c Agnieszka Chyli\u0144ska i Ma\u0142gorzata Foremniak.&nbsp;TVN nadal konsekwentnie odmawia komentarzy dotycz\u0105cych ewentualnych zmian.<\/p>\n<p>Do 29 maja potrwaj\u0105 precastingi do kolejnej edycji programu, na razie bez udzia\u0142u jury.<\/p>\n","protected":false},"excerpt":{"rendered":"Pog\u0142oski o odej\u015bciu Kuby Wojew&oacute;dzkiego z programu &#8222;Mam talent!&#8221; potwierdzi\u0142y si\u0119. Jego miejsce zajmie Robert Kozyra, by\u0142y szef Radia Zet &#8211; informuje Dziennik.","protected":false},"author":1,"featured_media":17214,"comment_status":"open","ping_status":"closed","sticky":false,"template":"","format":"standard","meta":{"csco_display_header_overlay":false,"csco_singular_sidebar":"","csco_page_header_type":"","csco_page_load_nextpost":"","csco_post_video_location":[],"csco_post_video_location_hash":"","csco_post_video_url":"","csco_post_video_bg_start_time":0,"csco_post_video_bg_end_time":0,"footnotes":""},"categories":[9670],"tags":[98],"class_list":{"0":"post-17213","1":"post","2":"type-post","3":"status-publish","4":"format-standard","5":"has-post-thumbnail","7":"category-tv","8":"tag-tvn","9":"cs-entry","10":"cs-video-wrap"},"_links":{"self":[{"href":"https:\/\/mediarun.com\/pl\/wp-json\/wp\/v2\/posts\/17213","targetHints":{"allow":["GET"]}}],"collection":[{"href":"https:\/\/mediarun.com\/pl\/wp-json\/wp\/v2\/posts"}],"about":[{"href":"https:\/\/mediarun.com\/pl\/wp-json\/wp\/v2\/types\/post"}],"author":[{"embeddable":true,"href":"https:\/\/mediarun.com\/pl\/wp-json\/wp\/v2\/users\/1"}],"replies":[{"embeddable":true,"href":"https:\/\/mediarun.com\/pl\/wp-json\/wp\/v2\/comments?post=17213"}],"version-history":[{"count":0,"href":"https:\/\/mediarun.com\/pl\/wp-json\/wp\/v2\/posts\/17213\/revisions"}],"wp:featuredmedia":[{"embeddable":true,"href":"https:\/\/mediarun.com\/pl\/wp-json\/wp\/v2\/media\/17214"}],"wp:attachment":[{"href":"https:\/\/mediarun.com\/pl\/wp-json\/wp\/v2\/media?parent=17213"}],"wp:term":[{"taxonomy":"category","embeddable":true,"href":"https:\/\/mediarun.com\/pl\/wp-json\/wp\/v2\/categories?post=17213"},{"taxonomy":"post_tag","embeddable":true,"href":"https:\/\/mediarun.com\/pl\/wp-json\/wp\/v2\/tags?post=17213"}],"curies":[{"name":"wp","href":"https:\/\/api.w.org\/{rel}","templated":true}]}}