{"id":171948,"date":"2016-08-18T13:20:45","date_gmt":"2016-08-18T11:20:45","guid":{"rendered":"https:\/\/mediarun.com\/pl\/?p=171948"},"modified":"2016-08-18T13:20:45","modified_gmt":"2016-08-18T11:20:45","slug":"rzeczpospolita-polityka-najczesciej-cytowana-prasa","status":"publish","type":"post","link":"https:\/\/mediarun.com\/pl\/media\/rzeczpospolita-polityka-najczesciej-cytowana-prasa.html","title":{"rendered":"&#8222;Rzeczpospolita&#8221; i  &#8222;Polityka&#8221; najcz\u0119\u015bciej cytowan\u0105 pras\u0105"},"content":{"rendered":"<h2 style=\"text-align: justify;\"><strong>W ubieg\u0142ym miesi\u0105cu najcz\u0119\u015bciej cytowanymi gazetami okaza\u0142y si\u0119 &#8222;Rzeczpospolita&#8221; i &#8222;Polityka&#8221;. Kt\u00f3re z pism r\u00f3wnie\u017c znalaz\u0142y si\u0119 na podium?<\/strong><\/h2>\n<h3 style=\"text-align: justify;\">Dzienniki og\u00f3lnopolskie<\/h3>\n<p style=\"text-align: justify;\">W <strong>lipcu <\/strong>liderem zestawienia w grupie <strong>dziennik\u00f3w og\u00f3lnopolskich<\/strong> zosta\u0142a <strong><em>Rzeczpospolita <\/em>(216).<\/strong>\u00a0Publicy\u015bci najcz\u0119\u015bciej odwo\u0142ywali si\u0119 do og\u00f3lnopolskiej edycji rankingu samorz\u0105d\u00f3w \u201eRzeczpospolitej\u201d. Drugie miejsce zaj\u0119\u0142a <em>Gazeta Wyborcza <\/em>(213), a na trzecim uplasowa\u0142 si\u0119<em> Dziennik Gazeta Prawna <\/em>(75). \u00a0Na kolejnych pozycjach znalaz\u0142y si\u0119: <em>Przegl\u0105d Sportowy <\/em>(70), <em>Super Express <\/em>(44), <em>Fakt (42), Nasz Dziennik (19), Gazeta Polska Codziennie (15), Puls Biznesu (13),<\/em> <em>Polska The Times <\/em>(11) i <em>Parkiet <\/em>\u00a0(2).<\/p>\n<p><img fetchpriority=\"high\" decoding=\"async\" class=\"size-full wp-image-171949 aligncenter\" src=\"https:\/\/mediarun.com\/wp-content\/uploads\/2016\/08\/mediarun-com-cytaty1.jpg\" alt=\"mediarun-com-cytaty1\" width=\"841\" height=\"611\" title=\"\"><\/p>\n<h3>Tygodniki og\u00f3lnopolskie<\/h3>\n<p style=\"text-align: justify;\">W\u015br\u00f3d <strong>tygodnik\u00f3w og\u00f3lnopolskich<\/strong> na pierwszej pozycji znalaz\u0142a si\u0119 <strong><em>Polityka <\/em>(70). <\/strong>Cz\u0119sto cytowano fragmenty wywiadu z przewodnicz\u0105cym Rady Europejskiej Donaldem Tuskiem. Polityk nawi\u0105zywa\u0142 do powstania komisji sejmowej ws. afery Amber Gold, komentowa\u0142 Brexit i odpowiedzia\u0142 na pytanie, czy wr\u00f3ci do polskiej polityki. Drugie miejsce w rankingu zaj\u0105\u0142 tygodnik <em>W Sieci (50), <\/em>a trzecie \u00a0<em>Newsweek Polska <\/em>(43).<\/p>\n<p><img decoding=\"async\" class=\"size-full wp-image-171950 aligncenter\" src=\"https:\/\/mediarun.com\/wp-content\/uploads\/2016\/08\/mediarun-com-cytaty2.jpg\" alt=\"mediarun-com-cytaty2\" width=\"843\" height=\"709\" title=\"\" srcset=\"https:\/\/mediarun.com\/pl\/wp-content\/uploads\/2016\/08\/mediarun-com-cytaty2.jpg 843w, https:\/\/mediarun.com\/pl\/wp-content\/uploads\/2016\/08\/mediarun-com-cytaty2-832x700.jpg 832w\" sizes=\"(max-width: 843px) 100vw, 843px\" \/><\/p>\n<p>&nbsp;<\/p>\n<h5>Badanie zosta\u0142o przeprowadzone przez Newton Media.<\/h5>\n<p>&nbsp;<\/p>\n","protected":false},"excerpt":{"rendered":"W ubieg\u0142ym miesi\u0105cu najcz\u0119\u015bciej cytowanymi gazetami okaza\u0142y si\u0119 &#8222;Rzeczpospolita&#8221; i &#8222;Polityka&#8221;. Kt\u00f3re z pism r\u00f3wnie\u017c znalaz\u0142y si\u0119 na&hellip;","protected":false},"author":32,"featured_media":171951,"comment_status":"open","ping_status":"closed","sticky":false,"template":"","format":"standard","meta":{"csco_display_header_overlay":false,"csco_singular_sidebar":"","csco_page_header_type":"","csco_page_load_nextpost":"","csco_post_video_location":[],"csco_post_video_location_hash":"","csco_post_video_url":"","csco_post_video_bg_start_time":0,"csco_post_video_bg_end_time":0,"footnotes":""},"categories":[9673,9668],"tags":[202,10706,767,3306,361,777],"class_list":{"0":"post-171948","1":"post","2":"type-post","3":"status-publish","4":"format-standard","5":"has-post-thumbnail","7":"category-prasa","8":"category-media","9":"tag-gazeta-wyborcza","10":"tag-gw","11":"tag-polityka","12":"tag-prasa-2","13":"tag-rzeczpospolita","14":"tag-w-sieci","15":"cs-entry","16":"cs-video-wrap"},"_links":{"self":[{"href":"https:\/\/mediarun.com\/pl\/wp-json\/wp\/v2\/posts\/171948","targetHints":{"allow":["GET"]}}],"collection":[{"href":"https:\/\/mediarun.com\/pl\/wp-json\/wp\/v2\/posts"}],"about":[{"href":"https:\/\/mediarun.com\/pl\/wp-json\/wp\/v2\/types\/post"}],"author":[{"embeddable":true,"href":"https:\/\/mediarun.com\/pl\/wp-json\/wp\/v2\/users\/32"}],"replies":[{"embeddable":true,"href":"https:\/\/mediarun.com\/pl\/wp-json\/wp\/v2\/comments?post=171948"}],"version-history":[{"count":0,"href":"https:\/\/mediarun.com\/pl\/wp-json\/wp\/v2\/posts\/171948\/revisions"}],"wp:featuredmedia":[{"embeddable":true,"href":"https:\/\/mediarun.com\/pl\/wp-json\/wp\/v2\/media\/171951"}],"wp:attachment":[{"href":"https:\/\/mediarun.com\/pl\/wp-json\/wp\/v2\/media?parent=171948"}],"wp:term":[{"taxonomy":"category","embeddable":true,"href":"https:\/\/mediarun.com\/pl\/wp-json\/wp\/v2\/categories?post=171948"},{"taxonomy":"post_tag","embeddable":true,"href":"https:\/\/mediarun.com\/pl\/wp-json\/wp\/v2\/tags?post=171948"}],"curies":[{"name":"wp","href":"https:\/\/api.w.org\/{rel}","templated":true}]}}