{"id":171894,"date":"2016-08-17T11:44:53","date_gmt":"2016-08-17T09:44:53","guid":{"rendered":"https:\/\/mediarun.com\/pl\/?p=171894"},"modified":"2016-08-17T13:47:13","modified_gmt":"2016-08-17T11:47:13","slug":"iphone-vs-ipad-ktorego-nich-uzywamy-czesciej","status":"publish","type":"post","link":"https:\/\/mediarun.com\/pl\/trendy\/raporty\/iphone-vs-ipad-ktorego-nich-uzywamy-czesciej.html","title":{"rendered":"iPhone vs IPad. Kt\u00f3rego z nich u\u017cywamy cz\u0119\u015bciej?"},"content":{"rendered":"<h2 style=\"text-align: justify;\"><strong>Polacy do surfowania w internecie cz\u0119\u015bciej wykorzystuj\u0105 smartfony ni\u017c tablety Apple\u2019a &#8212; tak wynika z najnowszej analizy Gemiusa. \u00a0W ci\u0105gu ostatnich czterech lat udzia\u0142 iPad\u2019\u00f3w w sieci spad\u0142 niemal trzykrotnie. Dwukrotnie wzr\u00f3s\u0142 za to udzia\u0142 iPhone\u2019\u00f3w.<\/strong><\/h2>\n<h4><strong>Rzadziej korzystamy z iPad\u00f3w<\/strong><\/h4>\n<p style=\"text-align: justify;\">W ci\u0105gu ostatnich lat u\u017cytkownicy urz\u0105dze\u0144 mobilnych giganta z Cupertino wykonywali oko\u0142o jedn\u0105 pi\u0105t\u0105 rocznych ods\u0142on w polskim internecie. Odsetek ten najwy\u017cszy by\u0142 w 2014 roku \u2500 rocznie \u015brednio 23,6 proc. dla obu urz\u0105dze\u0144 \u2500 i stopniowo mala\u0142 z ka\u017cdym rokiem, by osi\u0105gn\u0105\u0107 \u015brednio 20,8 proc. dla pierwszych siedmiu miesi\u0119cy 2016 roku.<\/p>\n<p><img fetchpriority=\"high\" decoding=\"async\" class=\"size-full wp-image-171895 aligncenter\" src=\"https:\/\/mediarun.com\/wp-content\/uploads\/2016\/08\/mediarun-com-apple.jpg\" alt=\"mediarun-com-apple\" width=\"643\" height=\"396\" title=\"\"><\/p>\n<p>&nbsp;<\/p>\n<p style=\"text-align: justify;\">Jak pokazuj\u0105 dane Gemiusa, w ostatnich latach widoczny jest trend spadkowy dla ods\u0142on generowanych z iPad\u2019\u00f3w \u2500 internauci si\u0119gaj\u0105 po nie rzadziej ni\u017c trzy lata temu. Od 2013 do 2015 roku \u015bredni roczny odsetek ods\u0142on wykonywany na tych urz\u0105dzeniach straci\u0142 blisko 6,5 punktu procentowego \u2500 z 15,6 proc. w 2013 roku do 9,1 proc. w 2015 roku. \u015aredni odsetek ods\u0142on wykonywanych na iPad\u2019ach w trakcie pierwszych siedmiu miesi\u0119cy 2016 roku wyni\u00f3s\u0142 6,6 proc.<\/p>\n<blockquote>\n<p style=\"text-align: justify;\"><span style=\"font-size: 12pt;\">\u2500 Rynek tablet\u00f3w na ca\u0142ym \u015bwiecie prze\u017cywa pewien kryzys to\u017csamo\u015bci \u2013 jakie ma by\u0107 zastosowanie tych urz\u0105dze\u0144? Czy tablety maj\u0105 s\u0142u\u017cy\u0107 do pracy? Do czytania tygodnik\u00f3w i komiks\u00f3w? Do ogl\u0105dania film\u00f3w? Po pocz\u0105tkowym zachwycie, obecnie klienci mniej ch\u0119tnie si\u0119gaj\u0105 po te urz\u0105dzenia i znajduje to odzwierciedlenie w spadku ogl\u0105dalno\u015bci z iPad\u00f3w \u2013 t\u0142umaczy <strong>Dariusz Jemielniak, ekspert Akademii Leona Ko\u017ami\u0144skiego<\/strong>. <\/span><\/p>\n<p style=\"text-align: justify;\"><span style=\"font-size: 12pt;\">\u2500 Nie bez znaczenia jest tak\u017ce ekspansja phablet\u00f3w \u2013 du\u017cych telefon\u00f3w, kt\u00f3re rozmiarami przypominaj\u0105 mini tablety \u2013 a tak\u017ce coraz wi\u0119ksza liczba naprawd\u0119 udanych tablet\u00f3w opartych na Androidzie, cho\u0107by seria Galaxy Tab, czy niszowy, cho\u0107 \u015bwietnie dopracowany Pixel. R\u00f3wnie\u017c dochodzi do tego ofensywa tablet\u00f3w Windows, kt\u00f3re co prawda maj\u0105 mniej aplikacji i mniej wygodny UI, ale za to pozwalaj\u0105 na korzystanie z dok\u0142adnie tych samych aplikacji, co pecety \u2500 dodaje <strong>Jemielniak<\/strong>.<\/span><\/p>\n<\/blockquote>\n<h4 style=\"text-align: justify;\"><strong>Coraz wi\u0119cej ods\u0142on mobilnych na iPhone&#8217;ach<\/strong><\/h4>\n<p style=\"text-align: justify;\">R\u00f3wnocze\u015bnie dane Gemiusa pokazuj\u0105, \u017ce przybywa ods\u0142on wykonywanych za po\u015brednictwem iPhon\u2019\u00f3w. Na przestrzeni ostatnich czterech lat wska\u017anik ten zyska\u0142 blisko 6 punkt\u00f3w procentowych \u2500 od 7,8 proc. dla \u015bredniej ods\u0142on wykonanych w 2013 roku do 13 proc. w 2015 roku. \u015aredni odsetek ods\u0142on mobilnych na iPhone\u2019ach dla pierwszych siedmiu miesi\u0119cy 2016 roku wyni\u00f3s\u0142 14,2 proc.<\/p>\n<blockquote>\n<p style=\"text-align: justify;\"><span style=\"font-size: 12pt;\">\u2500 Wzrost ods\u0142on z iPhone&#8217;\u00f3w nale\u017cy, moim zdaniem, interpretowa\u0107 jako przejaw bogacenia si\u0119 spo\u0142ecze\u0144stwa polskiego i nadganiania Zachodu \u2013 w Polsce iPhone&#8217;y ci\u0105gle s\u0105 na fali, tymczasem w USA, cho\u0107 nadal stanowi\u0105 niemal po\u0142ow\u0119 sprzedawanych telefon\u00f3w, wyra\u017anie trac\u0105 ju\u017c na popularno\u015bci \u2013 16 proc. spadek sprzeda\u017cy, natomiast gie\u0142dowa warto\u015b\u0107 Apple spad\u0142a o kilkana\u015bcie procent. <\/span><\/p>\n<p style=\"text-align: justify;\"><span style=\"font-size: 12pt;\">Nie bez znaczenia jest te\u017c fakt, \u017ce na rynku telefon\u00f3w jest po prostu sporo modeli przewy\u017cszaj\u0105cych iPhone&#8217;y funkcjonalno\u015bci\u0105, dor\u00f3wnuj\u0105cych im jako\u015bci\u0105 wykonania, a tak\u017ce wyra\u017anie ta\u0144szych. Opr\u00f3cz popularnych linii masowych Samsunga czy HTC, s\u0105 tak\u017ce bardzo solidne alternatywne propozycje cho\u0107by w ramach marki Nexus \u2013 projektowanej przez Google, a wykonywanej przez r\u00f3\u017cnych producent\u00f3w \u2013 czy OnePlus oraz Xiaomi. <\/span><\/p>\n<p style=\"text-align: justify;\"><span style=\"font-size: 12pt;\">Mo\u017cna si\u0119 spodziewa\u0107, \u017ce ten trend b\u0119dzie si\u0119 utrwala\u0107 \u2013 tak\u017ce w Polsce, o ile Apple nie b\u0119dzie w stanie zaproponowa\u0107 \u017cadnej prawdziwej nowinki, z czym ma powa\u017cne k\u0142opoty ju\u017c od lat \u2500 t\u0142umaczy\u00a0<strong>Jemielniak<\/strong>.<\/span><\/p>\n<\/blockquote>\n<p style=\"text-align: justify;\">&#8212;&#8212;<\/p>\n<p><span style=\"font-size: 10pt;\">Gemius przeanalizowa\u0142 odsetek ods\u0142on wykonywanych przez polskich internaut\u00f3w na urz\u0105dzeniach mobilnych Apple iPhone i Apple iPad. W analizie uwzgl\u0119dniono okres od stycznia 2013 roku do lipca 2016 roku. Uwzgl\u0119dniono ruch na krajowych stronach WWW wykonywany za pomoc\u0105 urz\u0105dze\u0144 mobilnych marki Apple \u2500 iPhone i iPad.<\/span><\/p>\n","protected":false},"excerpt":{"rendered":"Polacy do surfowania w internecie cz\u0119\u015bciej wykorzystuj\u0105 smartfony ni\u017c tablety Apple\u2019a &#8212; tak wynika z najnowszej analizy Gemiusa.&hellip;","protected":false},"author":32,"featured_media":171897,"comment_status":"open","ping_status":"closed","sticky":false,"template":"","format":"standard","meta":{"csco_display_header_overlay":false,"csco_singular_sidebar":"","csco_page_header_type":"","csco_page_load_nextpost":"","csco_post_video_location":[],"csco_post_video_location_hash":"","csco_post_video_url":"","csco_post_video_bg_start_time":0,"csco_post_video_bg_end_time":0,"footnotes":""},"categories":[4702],"tags":[196,102,197,426],"class_list":{"0":"post-171894","1":"post","2":"type-post","3":"status-publish","4":"format-standard","5":"has-post-thumbnail","7":"category-raporty","8":"tag-apple","9":"tag-gemius","10":"tag-ipad","11":"tag-iphone","12":"cs-entry","13":"cs-video-wrap"},"_links":{"self":[{"href":"https:\/\/mediarun.com\/pl\/wp-json\/wp\/v2\/posts\/171894","targetHints":{"allow":["GET"]}}],"collection":[{"href":"https:\/\/mediarun.com\/pl\/wp-json\/wp\/v2\/posts"}],"about":[{"href":"https:\/\/mediarun.com\/pl\/wp-json\/wp\/v2\/types\/post"}],"author":[{"embeddable":true,"href":"https:\/\/mediarun.com\/pl\/wp-json\/wp\/v2\/users\/32"}],"replies":[{"embeddable":true,"href":"https:\/\/mediarun.com\/pl\/wp-json\/wp\/v2\/comments?post=171894"}],"version-history":[{"count":0,"href":"https:\/\/mediarun.com\/pl\/wp-json\/wp\/v2\/posts\/171894\/revisions"}],"wp:featuredmedia":[{"embeddable":true,"href":"https:\/\/mediarun.com\/pl\/wp-json\/wp\/v2\/media\/171897"}],"wp:attachment":[{"href":"https:\/\/mediarun.com\/pl\/wp-json\/wp\/v2\/media?parent=171894"}],"wp:term":[{"taxonomy":"category","embeddable":true,"href":"https:\/\/mediarun.com\/pl\/wp-json\/wp\/v2\/categories?post=171894"},{"taxonomy":"post_tag","embeddable":true,"href":"https:\/\/mediarun.com\/pl\/wp-json\/wp\/v2\/tags?post=171894"}],"curies":[{"name":"wp","href":"https:\/\/api.w.org\/{rel}","templated":true}]}}