{"id":171776,"date":"2016-08-10T13:16:51","date_gmt":"2016-08-10T11:16:51","guid":{"rendered":"https:\/\/mediarun.com\/pl\/?p=171776"},"modified":"2016-08-10T13:25:37","modified_gmt":"2016-08-10T11:25:37","slug":"zmiany-walk-rozbudowa-zespolu-wzmocnienie-kompetencji-strategicznych","status":"publish","type":"post","link":"https:\/\/mediarun.com\/pl\/ludzie\/kariera\/zmiany-walk-rozbudowa-zespolu-wzmocnienie-kompetencji-strategicznych.html","title":{"rendered":"Zmiany w WALK. Rozbudowa zespo\u0142u i wzmocnienie kompetencji strategicznych"},"content":{"rendered":"<h3 style=\"text-align: justify;\"><strong>W ramach WALK PR i WALK Social Media zosta\u0142a wyodr\u0119bniona nowa struktura strategiczno-kreatywna. Jako pierwsza w jej szeregi wst\u0105pi\u0142a Patrycja Otachel, kt\u00f3ra, jako Creative Consultant, odpowiada za planowanie strategii dla obecnych i potencjalnych klient\u00f3w obu dzia\u0142\u00f3w. Zesp\u00f3\u0142 WALK PR w bie\u017c\u0105cych zdaniach wspiera te\u017c Anna Falkowska, kt\u00f3ra do\u0142\u0105czy\u0142a do agencji na stanowisku Senior Account Executive.<\/strong><\/h3>\n<h3 style=\"text-align: justify;\"><strong><img decoding=\"async\" class=\"wp-image-171777 alignright\" src=\"https:\/\/mediarun.com\/wp-content\/uploads\/2016\/08\/mediarun-com-walk-otache.jpg\" alt=\"mediarun-com-walk-otache\" width=\"172\" height=\"159\" title=\"\"><\/strong><\/h3>\n<p style=\"text-align: justify;\"><strong>Patrycja Otachel<\/strong> jest konsultantem kreatywnym specjalizuj\u0105cym si\u0119 w brandingu oraz projektowaniu produktu. Do\u015bwiadczenie zawodowe zdobywa\u0142a m.in. w Monday PR, Ogilvy, Czteryczwarte Brand Design oraz touchideas, a tak\u017ce przy realizacji\u00a0w\u0142asnych projekt\u00f3w.<br \/>\nW Grupie WALK, na stanowisku Creative Consultant, b\u0119dzie zajmowa\u0142a si\u0119 planowaniem strategicznych i kreatywnych dzia\u0142a\u0144 dla obecnych oraz przysz\u0142ych klient\u00f3w WALK Social Media i WALK PR.<\/p>\n<blockquote>\n<p style=\"text-align: justify;\"><em>Strategiczne podej\u015bcie do kampanii public relations czy projekt\u00f3w social mediowych przestaje by\u0107 wystarczaj\u0105ce, dlatego mocno wierzymy w strategie integruj\u0105ce te dwa obszary. Now\u0105 struktur\u0119 strategiczno-kreatywn\u0105, dzia\u0142aj\u0105c\u0105 na styku dw\u00f3ch business unit\u00f3w \u2013 WALK PR i WALK Social Media \u2013 w\u0142\u0105czamy w bie\u017c\u0105ce dzia\u0142ania dla wszystkich naszych klient\u00f3w oraz na etapie pozyskiwania nowych kontrakt\u00f3w<\/em> \u2013 m\u00f3wi Agnieszka Baci\u0144ska, Managing Partner WALK PR.<\/p>\n<\/blockquote>\n<p style=\"text-align: justify;\"><strong>Anna Falko<img decoding=\"async\" class=\"wp-image-171778 alignleft\" src=\"https:\/\/mediarun.com\/wp-content\/uploads\/2016\/08\/mediarun-com-falkowska.jpg\" alt=\"mediarun-com-falkowska\" width=\"191\" height=\"135\" title=\"\">wska<\/strong> na stanowisku Senior Account Executive w WALK PR odpowiada za obs\u0142ug\u0119 projekt\u00f3w produktowych i lifestylowych. Wcze\u015bniej pracowa\u0142a w agencjach Alert Media Communications i Lighthouse Consultans, realizuj\u0105c dzia\u0142ania z zakresu komunikacji korporacyjnej i produktowej dla klient\u00f3w z bran\u017cy FMCG i bankowej, a tak\u017ce spo\u0142ecznej odpowiedzialno\u015bci biznesu.<\/p>\n<p>***<br \/>\n<span style=\"font-size: 10pt;\"><strong>WALK<\/strong> jest niezale\u017cn\u0105, polsk\u0105 grup\u0105 marketingow\u0105. W ramach WALK funkcjonuje obecnie siedem business unit\u00f3w:\u00a0<\/span><span style=\"font-size: 10pt;\">WALK Creative \u2013 odpowiadaj\u0105cy za kreacj\u0119 ATL;\u00a0<\/span><span style=\"font-size: 10pt;\">WALK Design \u2013 przygotowuj\u0105cy projekty z zakresu CI, packagingu oraz tworzenia nowych marek;\u00a0<\/span><span style=\"font-size: 10pt;\">WALK Digital &#8211; dostarczaj\u0105cy rozwi\u0105zania interaktywne;\u00a0<\/span><span style=\"font-size: 10pt;\">WALK Events \u2013 specjalizuj\u0105cy si\u0119 w eventach;\u00a0<\/span><span style=\"font-size: 10pt;\">WALK Promotion \u2013 odpowiadaj\u0105cy za kreacj\u0119 BTL, realizuj\u0105cy dzia\u0142ania field i shopper marketingowe;\u00a0<\/span><span style=\"font-size: 10pt;\">WALK PR \u2013 zajmuj\u0105cy si\u0119 dzia\u0142aniami public relations;\u00a0<\/span><span style=\"font-size: 10pt;\">WALK Social Media \u2013 prowadz\u0105cy projekty spo\u0142eczno\u015bciowe.<\/span><\/p>\n","protected":false},"excerpt":{"rendered":"W ramach WALK PR i WALK Social Media zosta\u0142a wyodr\u0119bniona nowa struktura strategiczno-kreatywna. Jako pierwsza w jej szeregi&hellip;","protected":false},"author":32,"featured_media":171780,"comment_status":"open","ping_status":"closed","sticky":false,"template":"","format":"standard","meta":{"csco_display_header_overlay":false,"csco_singular_sidebar":"","csco_page_header_type":"","csco_page_load_nextpost":"","csco_post_video_location":[],"csco_post_video_location_hash":"","csco_post_video_url":"","csco_post_video_bg_start_time":0,"csco_post_video_bg_end_time":0,"footnotes":""},"categories":[9677,5909],"tags":[10671,10672,259],"class_list":{"0":"post-171776","1":"post","2":"type-post","3":"status-publish","4":"format-standard","5":"has-post-thumbnail","7":"category-ludzie","8":"category-kariera","9":"tag-anna-falkowska","10":"tag-patrycja-otachel","11":"tag-walk","12":"cs-entry","13":"cs-video-wrap"},"_links":{"self":[{"href":"https:\/\/mediarun.com\/pl\/wp-json\/wp\/v2\/posts\/171776","targetHints":{"allow":["GET"]}}],"collection":[{"href":"https:\/\/mediarun.com\/pl\/wp-json\/wp\/v2\/posts"}],"about":[{"href":"https:\/\/mediarun.com\/pl\/wp-json\/wp\/v2\/types\/post"}],"author":[{"embeddable":true,"href":"https:\/\/mediarun.com\/pl\/wp-json\/wp\/v2\/users\/32"}],"replies":[{"embeddable":true,"href":"https:\/\/mediarun.com\/pl\/wp-json\/wp\/v2\/comments?post=171776"}],"version-history":[{"count":0,"href":"https:\/\/mediarun.com\/pl\/wp-json\/wp\/v2\/posts\/171776\/revisions"}],"wp:featuredmedia":[{"embeddable":true,"href":"https:\/\/mediarun.com\/pl\/wp-json\/wp\/v2\/media\/171780"}],"wp:attachment":[{"href":"https:\/\/mediarun.com\/pl\/wp-json\/wp\/v2\/media?parent=171776"}],"wp:term":[{"taxonomy":"category","embeddable":true,"href":"https:\/\/mediarun.com\/pl\/wp-json\/wp\/v2\/categories?post=171776"},{"taxonomy":"post_tag","embeddable":true,"href":"https:\/\/mediarun.com\/pl\/wp-json\/wp\/v2\/tags?post=171776"}],"curies":[{"name":"wp","href":"https:\/\/api.w.org\/{rel}","templated":true}]}}