{"id":171602,"date":"2016-08-08T15:20:44","date_gmt":"2016-08-08T13:20:44","guid":{"rendered":"https:\/\/mediarun.com\/pl\/?p=171602"},"modified":"2016-08-08T15:20:44","modified_gmt":"2016-08-08T13:20:44","slug":"k2-dolacza-rafal-kargulewicz","status":"publish","type":"post","link":"https:\/\/mediarun.com\/pl\/ludzie\/k2-dolacza-rafal-kargulewicz.html","title":{"rendered":"Do K2 do\u0142\u0105cza Rafa\u0142 Kargulewicz"},"content":{"rendered":"<h2><strong>Na czele dzia\u0142u Programmatic Buying&amp;Traffic stan\u0105\u0142 Rafa\u0142 Kargulewicz, Head of Programmatic. <\/strong><\/h2>\n<p>Rafa\u0142 Kargulewicz do\u0142\u0105czy\u0142 do K2 \u00a0jako specjalista od nowych technologii i b\u0119dzie zajmowa\u0107 si\u0119 rozwijaniem zakupu programatycznego.<\/p>\n<p>Przed do\u0142\u0105czeniem do K2 Media pe\u0142ni\u0142 obowi\u0105zki Media Trader\u2019a w firmie Ve Interactive, gdzie odpowiada\u0142 za rozw\u00f3j lokalnego trading desku oraz realizacj\u0119 kampanii programmatic. Wcze\u015bniej Zajmowa\u0142 si\u0119 dzia\u0142aniami performance i zakupem programatycznym w takich firmach jak Cube Group, Optimise, Tradedoubler, RTB House.<\/p>\n<p>Posiada bogate do\u015bwiadczenie w obs\u0142udze klient\u00f3w z r\u00f3\u017cnych bran\u017c, m.in.: Agito, Orange, Credit Agricole, Microsoft czy Nissan.<\/p>\n<p>&#8212;<\/p>\n<p><span style=\"font-size: 10pt;\"><strong>K2 Media<\/strong>\u00a0jest agencj\u0105 mediow\u0105 nowej szko\u0142y, nale\u017c\u0105c\u0105 do Grupy K2 wyspecjalizowan\u0105 w pracy z mediami interaktywnymi. Oferuje us\u0142ugi 360 stopni i \u0142\u0105czy kompetencje mediowe, analityczne, technologiczne, produkcyjne i kreatywne. K2 Media nale\u017cy no aliansu mediowego Newnited, kt\u00f3ry jest najwi\u0119ksz\u0105 polsk\u0105 grup\u0105 planowania i zakupu wszystkich medi\u00f3w. Firma realizuje projekty dla klient\u00f3w takich, jak: ActivLab Sport, BZ WBK, Carrefour, Costa Coffee, Coty Polska \u2013 Playboy Frangrances, Grupa Medicover, Grupa PZU, Nutricia, Play, Polpharma, Provident.<\/span><\/p>\n","protected":false},"excerpt":{"rendered":"Na czele dzia\u0142u Programmatic Buying&amp;Traffic stan\u0105\u0142 Rafa\u0142 Kargulewicz, Head of Programmatic. Rafa\u0142 Kargulewicz do\u0142\u0105czy\u0142 do K2 \u00a0jako specjalista&hellip;","protected":false},"author":32,"featured_media":171666,"comment_status":"open","ping_status":"closed","sticky":false,"template":"","format":"standard","meta":{"csco_display_header_overlay":false,"csco_singular_sidebar":"","csco_page_header_type":"","csco_page_load_nextpost":"","csco_post_video_location":[],"csco_post_video_location_hash":"","csco_post_video_url":"","csco_post_video_bg_start_time":0,"csco_post_video_bg_end_time":0,"footnotes":""},"categories":[9677],"tags":[48,8188,10640],"class_list":{"0":"post-171602","1":"post","2":"type-post","3":"status-publish","4":"format-standard","5":"has-post-thumbnail","7":"category-ludzie","8":"tag-k2","9":"tag-programmatic","10":"tag-rafal-kargulewicz","11":"cs-entry","12":"cs-video-wrap"},"_links":{"self":[{"href":"https:\/\/mediarun.com\/pl\/wp-json\/wp\/v2\/posts\/171602","targetHints":{"allow":["GET"]}}],"collection":[{"href":"https:\/\/mediarun.com\/pl\/wp-json\/wp\/v2\/posts"}],"about":[{"href":"https:\/\/mediarun.com\/pl\/wp-json\/wp\/v2\/types\/post"}],"author":[{"embeddable":true,"href":"https:\/\/mediarun.com\/pl\/wp-json\/wp\/v2\/users\/32"}],"replies":[{"embeddable":true,"href":"https:\/\/mediarun.com\/pl\/wp-json\/wp\/v2\/comments?post=171602"}],"version-history":[{"count":0,"href":"https:\/\/mediarun.com\/pl\/wp-json\/wp\/v2\/posts\/171602\/revisions"}],"wp:featuredmedia":[{"embeddable":true,"href":"https:\/\/mediarun.com\/pl\/wp-json\/wp\/v2\/media\/171666"}],"wp:attachment":[{"href":"https:\/\/mediarun.com\/pl\/wp-json\/wp\/v2\/media?parent=171602"}],"wp:term":[{"taxonomy":"category","embeddable":true,"href":"https:\/\/mediarun.com\/pl\/wp-json\/wp\/v2\/categories?post=171602"},{"taxonomy":"post_tag","embeddable":true,"href":"https:\/\/mediarun.com\/pl\/wp-json\/wp\/v2\/tags?post=171602"}],"curies":[{"name":"wp","href":"https:\/\/api.w.org\/{rel}","templated":true}]}}