{"id":17151,"date":"2011-04-18T11:07:11","date_gmt":"2011-04-18T09:07:11","guid":{"rendered":"https:\/\/mediarun.com\/index.php\/news-posts\/gala-jako-dwutygodnik-juz-w-kioskach\/"},"modified":"2011-04-18T11:07:11","modified_gmt":"2011-04-18T09:07:11","slug":"gala-jako-dwutygodnik-juz-w-kioskach","status":"publish","type":"post","link":"https:\/\/mediarun.com\/pl\/media\/prasa\/gala-jako-dwutygodnik-juz-w-kioskach.html","title":{"rendered":"Gala jako dwutygodnik ju\u017c w kioskach"},"content":{"rendered":"<p>Szata graficzna nowej ods\u0142ony <a href=\"http:\/\/dlafirm.mediarun.pl\/katalog\/firma\/gala---wydawnictwo-gruner-jahr-polska,3152,1.html\" target=\"_blank\" rel=\"noopener\">Gali<\/a> zosta\u0142a delikatnie od\u015bwie\u017cona &#8211; nowo\u015bci\u0105 b\u0119d\u0105 wewn\u0119trzne otwarcia dzia\u0142&oacute;w Styl i Galaktyka oraz regularne sesje mody. Edytorial natomiast otrzyma\u0142 osobn\u0105 stron\u0119 oddzielon\u0105 od spisu tre\u015bci. Autorem zmian w szacie graficznej jest dyrektor artystyczny magazynu Piotr \u0141omnicki.<\/p>\n<p>Tytu\u0142 jest wydawany na bielszym papierze o wi\u0119kszej gramaturze i ma lakierowan\u0105 ok\u0142adk\u0119. Obj\u0119to\u015b\u0107 pierwszego numeru to 172 strony, a nak\u0142ad &#8211; ponad 200 tys. egzemplarzy. Cena egzemplarza wynosi 4,99 z\u0142.<\/p>\n<p>Kampania reklamowa obejmuje telewizj\u0119 (TVP1, TVP 2, TVN Polsat, Polsat Cafe, TVN Style, TVN7, At media), internet (wp.pl), outdoor, wydawnictwa w\u0142asne G+J, radio (RMF, Eska, PiN).<\/p>\n<p>Kreacj\u0119 kampanii przygotowa\u0142a agencja Crazy Mouse, a jej planowanie w telewizji powierzono domowi mediowemu Starcom. Kampania w pozosta\u0142ych mediach jest planowana z udzia\u0142em dzia\u0142u marketingu G+J Polska.<\/p>\n<p><strong>Przeczytaj tak\u017ce: <br \/><\/strong><\/p>\n<ul>\n<li><strong><a href=\"http:\/\/wiadomosci.mediarun.pl\/artykul\/praca-ludzie,nowa-dyrektor-wydawnicza-magazynu-gala,9902,4,1,1.html\" target=\"_blank\" rel=\"noopener\">Nowa dyrektor wydawnicza magazynu Gala<\/a><\/strong><\/li>\n<\/ul>\n","protected":false},"excerpt":{"rendered":"Od 18 kwietnia Gala b\u0119dzie wychodzi\u0142a jako dwutygodnik. Taka cz\u0119stotliwo\u015b\u0107 w segmencie people to ju\u017c norma od blisko dw&oacute;ch lat.","protected":false},"author":1,"featured_media":17152,"comment_status":"open","ping_status":"closed","sticky":false,"template":"","format":"standard","meta":{"csco_display_header_overlay":false,"csco_singular_sidebar":"","csco_page_header_type":"","csco_page_load_nextpost":"","csco_post_video_location":[],"csco_post_video_location_hash":"","csco_post_video_url":"","csco_post_video_bg_start_time":0,"csco_post_video_bg_end_time":0,"footnotes":""},"categories":[9673],"tags":[95,528],"class_list":{"0":"post-17151","1":"post","2":"type-post","3":"status-publish","4":"format-standard","5":"has-post-thumbnail","7":"category-prasa","8":"tag-gj","9":"tag-gala","10":"cs-entry","11":"cs-video-wrap"},"_links":{"self":[{"href":"https:\/\/mediarun.com\/pl\/wp-json\/wp\/v2\/posts\/17151","targetHints":{"allow":["GET"]}}],"collection":[{"href":"https:\/\/mediarun.com\/pl\/wp-json\/wp\/v2\/posts"}],"about":[{"href":"https:\/\/mediarun.com\/pl\/wp-json\/wp\/v2\/types\/post"}],"author":[{"embeddable":true,"href":"https:\/\/mediarun.com\/pl\/wp-json\/wp\/v2\/users\/1"}],"replies":[{"embeddable":true,"href":"https:\/\/mediarun.com\/pl\/wp-json\/wp\/v2\/comments?post=17151"}],"version-history":[{"count":0,"href":"https:\/\/mediarun.com\/pl\/wp-json\/wp\/v2\/posts\/17151\/revisions"}],"wp:featuredmedia":[{"embeddable":true,"href":"https:\/\/mediarun.com\/pl\/wp-json\/wp\/v2\/media\/17152"}],"wp:attachment":[{"href":"https:\/\/mediarun.com\/pl\/wp-json\/wp\/v2\/media?parent=17151"}],"wp:term":[{"taxonomy":"category","embeddable":true,"href":"https:\/\/mediarun.com\/pl\/wp-json\/wp\/v2\/categories?post=17151"},{"taxonomy":"post_tag","embeddable":true,"href":"https:\/\/mediarun.com\/pl\/wp-json\/wp\/v2\/tags?post=17151"}],"curies":[{"name":"wp","href":"https:\/\/api.w.org\/{rel}","templated":true}]}}