{"id":171371,"date":"2016-08-02T13:05:45","date_gmt":"2016-08-02T11:05:45","guid":{"rendered":"https:\/\/mediarun.com\/pl\/?p=171371"},"modified":"2016-08-02T13:05:45","modified_gmt":"2016-08-02T11:05:45","slug":"gazeta-wyborcza-rzeczy-dwoje-liderow","status":"publish","type":"post","link":"https:\/\/mediarun.com\/pl\/media\/gazeta-wyborcza-rzeczy-dwoje-liderow.html","title":{"rendered":"&#8222;Gazeta Wyborcza&#8221; i &#8222;Do Rzeczy&#8221; \u2013 dwoje lider\u00f3w"},"content":{"rendered":"<h2><strong>W czerwcu \u00a0najcz\u0119\u015bciej cytowanym og\u00f3lnopolskim dziennikiem by\u0142a &#8222;Gazeta Wyborcza&#8221;. Je\u015bli natomiast chodzi o tygodniki, to liderem okaza\u0142o si\u0119 &#8222;Do Rzeczy&#8221;. Na kt\u00f3rym miejscu uplasowa\u0142a si\u0119 reszta znanych tytu\u0142\u00f3w?<\/strong><\/h2>\n<h3><strong>Ranking cytowa\u0144<\/strong><\/h3>\n<p>W <strong>czerwcu <\/strong>liderem zestawienia w grupie <strong>dziennik\u00f3w og\u00f3lnopolskich<\/strong> zosta\u0142a <strong><em>Gazeta Wyborcza <\/em>(248).<\/strong><br \/>\nPublicy\u015bci cz\u0119sto odwo\u0142ywali si\u0119 do artyku\u0142u <em>\u201eTajny agent Macierewicza\u201d<\/em> nt. niejasnych powi\u0105za\u0144 Antoniego Macierewicza szefa MON-u z agentem SB Robertem Lu\u015bni\u0105. Drugie miejsce zaj\u0119\u0142a <em>Rzeczypospolita <\/em>(137), a na trzecim uplasowa\u0142 si\u0119<em> Fakt <\/em>(118). \u00a0Na kolejnych pozycjach znalaz\u0142y si\u0119: <em>Super Express <\/em>(65), <em>Przegl\u0105d Sportowy <\/em>(57), <em>Dziennik Gazeta Prawna (41), Nasz Dziennik, Gazeta Polska Codziennie i Puls Biznesu (po 18),<\/em> <em>Polska The Times <\/em>(16) i <em>Parkiet <\/em>\u00a0(8).<\/p>\n<p><img fetchpriority=\"high\" decoding=\"async\" class=\"size-full wp-image-171372 aligncenter\" src=\"https:\/\/mediarun.com\/wp-content\/uploads\/2016\/08\/wykres1-e1470133485911.jpg\" alt=\"wykres1\" width=\"801\" height=\"589\" title=\"\"><\/p>\n<p>W\u015br\u00f3d <strong>tygodnik\u00f3w og\u00f3lnopolskich<\/strong> na pierwszej pozycji znalaz\u0142 si\u0119 <strong><em>Do Rzeczy <\/em>(64). <\/strong>Cz\u0119sto cytowano fragment wywiadu z Jaros\u0142awem Kaczy\u0144skim, kt\u00f3ry ukaza\u0142 si\u0119 pod koniec maja. Prezes PiS zapowiada\u0142, \u017ce je\u015bli komisja \u201ep\u00f3jdzie na ostro\u201d, czyli wy\u015ble do Warszawy niekorzystn\u0105 opini\u0119 o stanie polskiej praworz\u0105dno\u015bci, Polska zaskar\u017cy ca\u0142\u0105 procedur\u0119, wszcz\u0119t\u0105 wobec niej do ETS (Europejski Trybuna\u0142 Sprawiedliwo\u015bci). Drugie miejsce w naszym rankingu zaj\u0105\u0142 tygodnik <em>Newsweek Polska (62), <\/em>a trzecie \u00a0<em>Polityka <\/em>(56).<\/p>\n<p><img decoding=\"async\" class=\"size-full wp-image-171373 aligncenter\" src=\"https:\/\/mediarun.com\/wp-content\/uploads\/2016\/08\/wykres2-e1470133708813.jpg\" alt=\"wykres2\" width=\"827\" height=\"692\" title=\"\"><\/p>\n<h3><strong>Ranking cytowa\u0144 i informacji<\/strong><\/h3>\n<p>W\u015br\u00f3d <strong>dziennik\u00f3w og\u00f3lnopolskich<\/strong> najcz\u0119\u015bciej pisano o <strong><em>Gazecie Wyborczej<\/em><\/strong> (<strong>399<\/strong>). Na drugim miejscu znalaz\u0142a si\u0119 <em>Rzeczpospolita <\/em>(198), a na trzecim <em>Fakt <\/em>(127). Najwi\u0119cej informacji tradycyjnie pojawi\u0142o si\u0119 na temat <strong><em>Gazety Wyborczej<\/em><\/strong> (<strong>151<\/strong>).\u00a0W\u015br\u00f3d <strong>tygodnik\u00f3w og\u00f3lnopolskich<\/strong> na pierwszym miejscu znalaz\u0142a si\u0119 <strong><em>Polityka <\/em><\/strong>(<strong>105<\/strong>), na drugim <em>Newsweek Polska <\/em>(89), a na trzecim <em>Do Rzeczy<\/em> (85). Najwi\u0119cej informacji pojawi\u0142o si\u0119 na temat <strong><em>Polityki <\/em><\/strong>(<strong>49<\/strong>).<\/p>\n<p>&nbsp;<\/p>\n<p><span style=\"font-size: 8pt;\">Badanie zosta\u0142o przeprowadzone przez <a href=\"http:\/\/www.newtonmedia.pl\/pl\" target=\"_blank\" rel=\"noopener\">Newton Media<\/a>.<\/span><\/p>\n","protected":false},"excerpt":{"rendered":"W czerwcu \u00a0najcz\u0119\u015bciej cytowanym og\u00f3lnopolskim dziennikiem by\u0142a &#8222;Gazeta Wyborcza&#8221;. Je\u015bli natomiast chodzi o tygodniki, to liderem okaza\u0142o si\u0119&hellip;","protected":false},"author":32,"featured_media":171374,"comment_status":"open","ping_status":"closed","sticky":false,"template":"","format":"standard","meta":{"csco_display_header_overlay":false,"csco_singular_sidebar":"","csco_page_header_type":"","csco_page_load_nextpost":"","csco_post_video_location":[],"csco_post_video_location_hash":"","csco_post_video_url":"","csco_post_video_bg_start_time":0,"csco_post_video_bg_end_time":0,"footnotes":""},"categories":[9668,9673],"tags":[10593,202,767,348],"class_list":{"0":"post-171371","1":"post","2":"type-post","3":"status-publish","4":"format-standard","5":"has-post-thumbnail","7":"category-media","8":"category-prasa","9":"tag-do-rzeczy","10":"tag-gazeta-wyborcza","11":"tag-polityka","12":"tag-wprost","13":"cs-entry","14":"cs-video-wrap"},"_links":{"self":[{"href":"https:\/\/mediarun.com\/pl\/wp-json\/wp\/v2\/posts\/171371","targetHints":{"allow":["GET"]}}],"collection":[{"href":"https:\/\/mediarun.com\/pl\/wp-json\/wp\/v2\/posts"}],"about":[{"href":"https:\/\/mediarun.com\/pl\/wp-json\/wp\/v2\/types\/post"}],"author":[{"embeddable":true,"href":"https:\/\/mediarun.com\/pl\/wp-json\/wp\/v2\/users\/32"}],"replies":[{"embeddable":true,"href":"https:\/\/mediarun.com\/pl\/wp-json\/wp\/v2\/comments?post=171371"}],"version-history":[{"count":0,"href":"https:\/\/mediarun.com\/pl\/wp-json\/wp\/v2\/posts\/171371\/revisions"}],"wp:featuredmedia":[{"embeddable":true,"href":"https:\/\/mediarun.com\/pl\/wp-json\/wp\/v2\/media\/171374"}],"wp:attachment":[{"href":"https:\/\/mediarun.com\/pl\/wp-json\/wp\/v2\/media?parent=171371"}],"wp:term":[{"taxonomy":"category","embeddable":true,"href":"https:\/\/mediarun.com\/pl\/wp-json\/wp\/v2\/categories?post=171371"},{"taxonomy":"post_tag","embeddable":true,"href":"https:\/\/mediarun.com\/pl\/wp-json\/wp\/v2\/tags?post=171371"}],"curies":[{"name":"wp","href":"https:\/\/api.w.org\/{rel}","templated":true}]}}