{"id":169778,"date":"2016-06-27T10:18:19","date_gmt":"2016-06-27T08:18:19","guid":{"rendered":"https:\/\/mediarun.com\/pl\/?p=169778"},"modified":"2016-06-27T10:18:19","modified_gmt":"2016-06-27T08:18:19","slug":"brexit-oswiadczenie-prominentnych-dygnitarzy-ue","status":"publish","type":"post","link":"https:\/\/mediarun.com\/pl\/wydarzenia\/brexit-oswiadczenie-prominentnych-dygnitarzy-ue.html","title":{"rendered":"Brexit &#8211; o\u015bwiadczenie prominentnych dygnitarzy UE"},"content":{"rendered":"<h3>Wsp\u00f3lne o\u015bwiadczenie Martina Schulza, przewodnicz\u0105cego Parlamentu Europejskiego, Donalda Tuska, przewodnicz\u0105cego Rady Europejskiej, Marka Rutte, premiera Holandii sprawuj\u0105cej rotacyjn\u0105 prezydencj\u0119 w Radzie UE i Jeana-Claude&#8217;a Junckera, przewodnicz\u0105cego Komisji Europejskiej, na temat wynik\u00f3w referendum w Zjednoczonym Kr\u00f3lestwie<\/h3>\n<p>Przewodnicz\u0105cy Schulz, przewodnicz\u0105cy Donald Tusk oraz premier Rutte spotkali si\u0119 w Brukseli na zaproszenie przewodnicz\u0105cego Komisji Europejskiej Jeana-Claude\u2019a Junckera. Tematem spotkania by\u0142y wyniki referendum w Zjednoczonym Kr\u00f3lestwie. Po spotkaniu wydano nast\u0119puj\u0105ce wsp\u00f3lne o\u015bwiadczenie:<\/p>\n<p>\u201eW wolnym i demokratycznym procesie Brytyjczycy wyrazili wol\u0119 opuszczenia Unii Europejskiej. Ubolewamy nad t\u0105 decyzj\u0105, ale j\u0105 szanujemy.<\/p>\n<p>Jest to sytuacja bezprecedensowa, lecz jeste\u015bmy zgodni co do jednego: b\u0119dziemy sta\u0107 na stra\u017cy podstawowych warto\u015bci Unii Europejskiej, by propagowa\u0107 pok\u00f3j i dobrobyt jej narod\u00f3w. Unia 27 pa\u0144stw cz\u0142onkowskich nadal b\u0119dzie istnie\u0107. Unia stanowi ramy naszej wsp\u00f3lnej przysz\u0142o\u015bci politycznej.  \u0141\u0105cz\u0105 nas historia, geografia oraz wsp\u00f3lne interesy i na tej podstawie b\u0119dziemy rozwija\u0107 nasz\u0105 wsp\u00f3\u0142prac\u0119. Wsp\u00f3lnie stawimy czo\u0142a wyzwaniom, by stymulowa\u0107 wzrost gospodarczy, budowa\u0107 dobrobyt i zapewni\u0107 naszym obywatelom bezpiecze\u0144stwo. Instytucje unijne b\u0119d\u0105 w pe\u0142ni zaanga\u017cowane w realizacj\u0119 tych cel\u00f3w. <\/p>\n<p>Teraz oczekujemy od rz\u0105du Zjednoczonego Kr\u00f3lestwa jak najszybszego wprowadzenia w \u017cycie decyzji Brytyjczyk\u00f3w, niezale\u017cnie od tego, jak bolesny mo\u017ce by\u0107 to proces. Wszelkie op\u00f3\u017anienia mog\u0105 powodowa\u0107 narastanie niepewno\u015bci. Dysponujemy przepisami pozwalaj\u0105cymi w spos\u00f3b uporz\u0105dkowany przeprowadzi\u0107 ten proces.  Artyku\u0142 50 Traktatu<br \/>\no Unii Europejskiej okre\u015bla procedur\u0119, kt\u00f3r\u0105 nale\u017cy zastosowa\u0107, gdy pa\u0144stwo cz\u0142onkowskie postanawia opu\u015bci\u0107 Uni\u0119 Europejsk\u0105. Jeste\u015bmy gotowi niezw\u0142ocznie rozpocz\u0105\u0107 negocjacje ze Zjednoczonym Kr\u00f3lestwem co do warunk\u00f3w jego wyst\u0105pienia z Unii Europejskiej. Do czasu zako\u0144czenia negocjacji Zjednoczone Kr\u00f3lestwo pozostaje cz\u0142onkiem Unii Europejskiej z zachowaniem wszelkich praw i obowi\u0105zk\u00f3w wynikaj\u0105cych z cz\u0142onkostwa. Zgodnie z traktatami ratyfikowanymi przez Zjednoczone Kr\u00f3lestwo unijne prawo ma pe\u0142ne zastosowanie do Zjednoczonego Kr\u00f3lestwa i na jego terytorium do momentu ustania jego cz\u0142onkostwa.<\/p>\n<p>Zgodnie z ustaleniami, \u201eNowe porozumienie dla Zjednoczonego Kr\u00f3lestwa w ramach Unii Europejskiej\u201d, zawarte w trakcie szczytu Rady Europejskiej w dniach 18-19 lutego 2016 r., nie wejdzie w \u017cycie i staje si\u0119 nieaktualne. Nie dojdzie do jego renegocjacji.<\/p>\n<p>Je\u017celi chodzi o Zjednoczone Kr\u00f3lestwo, mamy nadziej\u0119, \u017ce b\u0119dzie ono bliskim partnerem Unii Europejskiej w przysz\u0142o\u015bci. Oczekujemy, \u017ce Zjednoczone Kr\u00f3lestwo przygotuje swoje propozycje w tym zakresie. Ka\u017cda umowa, kt\u00f3ra zostanie zawarta ze Zjednoczonym Kr\u00f3lestwem jako pa\u0144stwem trzecim, b\u0119dzie musia\u0142a odzwierciedla\u0107 interesy obu stron i by\u0107 zr\u00f3wnowa\u017cona pod wzgl\u0119dem praw i obowi\u0105zk\u00f3w\u201d.<\/p>\n","protected":false},"excerpt":{"rendered":"\u201eW wolnym i demokratycznym procesie Brytyjczycy wyrazili wol\u0119 opuszczenia Unii Europejskiej. Ubolewamy nad t\u0105 decyzj\u0105, ale j\u0105 szanujemy. Poznaj ca\u0142o\u015b\u0107 o\u015bwiadczenia.","protected":false},"author":27,"featured_media":169779,"comment_status":"open","ping_status":"closed","sticky":false,"template":"","format":"standard","meta":{"csco_display_header_overlay":false,"csco_singular_sidebar":"","csco_page_header_type":"","csco_page_load_nextpost":"","csco_post_video_location":[],"csco_post_video_location_hash":"","csco_post_video_url":"","csco_post_video_bg_start_time":0,"csco_post_video_bg_end_time":0,"footnotes":""},"categories":[46],"tags":[10472,10474,10475,3145],"class_list":{"0":"post-169778","1":"post","2":"type-post","3":"status-publish","4":"format-standard","5":"has-post-thumbnail","7":"category-wydarzenia","8":"tag-brexit","9":"tag-donald-tusk","10":"tag-martin-schulz","11":"tag-ue","12":"cs-entry","13":"cs-video-wrap"},"_links":{"self":[{"href":"https:\/\/mediarun.com\/pl\/wp-json\/wp\/v2\/posts\/169778","targetHints":{"allow":["GET"]}}],"collection":[{"href":"https:\/\/mediarun.com\/pl\/wp-json\/wp\/v2\/posts"}],"about":[{"href":"https:\/\/mediarun.com\/pl\/wp-json\/wp\/v2\/types\/post"}],"author":[{"embeddable":true,"href":"https:\/\/mediarun.com\/pl\/wp-json\/wp\/v2\/users\/27"}],"replies":[{"embeddable":true,"href":"https:\/\/mediarun.com\/pl\/wp-json\/wp\/v2\/comments?post=169778"}],"version-history":[{"count":0,"href":"https:\/\/mediarun.com\/pl\/wp-json\/wp\/v2\/posts\/169778\/revisions"}],"wp:featuredmedia":[{"embeddable":true,"href":"https:\/\/mediarun.com\/pl\/wp-json\/wp\/v2\/media\/169779"}],"wp:attachment":[{"href":"https:\/\/mediarun.com\/pl\/wp-json\/wp\/v2\/media?parent=169778"}],"wp:term":[{"taxonomy":"category","embeddable":true,"href":"https:\/\/mediarun.com\/pl\/wp-json\/wp\/v2\/categories?post=169778"},{"taxonomy":"post_tag","embeddable":true,"href":"https:\/\/mediarun.com\/pl\/wp-json\/wp\/v2\/tags?post=169778"}],"curies":[{"name":"wp","href":"https:\/\/api.w.org\/{rel}","templated":true}]}}