{"id":169698,"date":"2016-06-23T11:25:09","date_gmt":"2016-06-23T09:25:09","guid":{"rendered":"https:\/\/mediarun.com\/pl\/?p=169698"},"modified":"2016-06-23T11:25:09","modified_gmt":"2016-06-23T09:25:09","slug":"do","status":"publish","type":"post","link":"https:\/\/mediarun.com\/pl\/na-luzie\/do.html","title":{"rendered":"Dzie\u0144 Ojca (wideo)"},"content":{"rendered":"<h3>MyCall, lider na rynku norweskich operator\u00f3w kom\u00f3rkowych specjalizuj\u0105cych si\u0119<br \/>\nw po\u0142\u0105czeniach mi\u0119dzynarodowych, przygotowa\u0142 specjalny film dla Polak\u00f3w, na co dzie\u0144 mieszkaj\u0105cych i pracuj\u0105cych w tym kraju. Jego premiera b\u0119dzie mia\u0142a miejsce<br \/>\nw Dzie\u0144 Ojca, 23 czerwca.<\/h3>\n<p>https:\/\/www.youtube.com\/watch?v=LXbhICVB-TU&#038;feature=youtu.be<\/p>\n<p>Film skupia si\u0119 na relacji pomi\u0119dzy pracuj\u0105cym w Norwegii ojcem i jego synem, kt\u00f3ry zosta\u0142 w Polsce. Ide\u0105 filmu jest pokazanie, \u017ce us\u0142ugi telekomunikacyjne \u0142\u0105cz\u0105 ludzi niezale\u017cnie od dziel\u0105cej ich odleg\u0142o\u015bci.<\/p>\n<p>&#8211; Dobrze rozumiemy, \u017ce \u017cycie pisze r\u00f3\u017cne scenariusze i cz\u0119sto jeste\u015bmy zmuszeni wyjecha\u0107 z dala od tych, kt\u00f3rych kochamy najbardziej. Dzi\u0119ki tanim rozmowom mi\u0119dzynarodowym, kt\u00f3re oferuje MyCall, staramy si\u0119 skr\u00f3ci\u0107 t\u0119 odleg\u0142o\u015b\u0107 i uczyni\u0107 roz\u0142\u0105k\u0119 \u0142atwiejsz\u0105 do zniesienia \u2013 m\u00f3wi Maja Gali\u0144ska, koordynator marketingu w MyCall. \u2013 Polacy s\u0105 najwa\u017cniejsz\u0105 grup\u0105 klient\u00f3w dla firmy, dlatego nasza pierwsza filmowa reklama jest skierowana w\u0142a\u015bnie do nich \u2013 uzupe\u0142nia Maja Gali\u0144ska.<\/p>\n<p>&#8211; Liczymy, \u017ce spot spodoba si\u0119 Polakom. To dla nas bardzo wa\u017cne, aby reklama zosta\u0142a odebrana ciep\u0142o i pozytywnie, pomimo tego, \u017ce porusza tak powa\u017cne zagadnienia jak roz\u0142\u0105ka i t\u0119sknota. Rozumiemy uczucia jakie towarzysz\u0105 naszym polskim klientom na co dzie\u0144 i poprzez reklam\u0119 chcemy to pokaza\u0107 \u2013 dodaje Mette \u00d8yen, Szef Marketingu.<\/p>\n<p>Dodatkowe informacje na temat kampanii mo\u017cna znale\u017a\u0107 pod adresem: <a href=\"https:\/\/mycall.no\/CloserToHome?lang=3\" target=\"_blank\" rel=\"noopener\">https:\/\/mycall.no\/CloserToHome?lang=3<\/a><\/p>\n","protected":false},"excerpt":{"rendered":"MyCall, lider na rynku norweskich operator\u00f3w kom\u00f3rkowych , przygotowa\u0142 specjalny film dla Polak\u00f3w, na co dzie\u0144 mieszkaj\u0105cych i pracuj\u0105cych w tym kraju.","protected":false},"author":27,"featured_media":169699,"comment_status":"open","ping_status":"closed","sticky":false,"template":"","format":"standard","meta":{"csco_display_header_overlay":false,"csco_singular_sidebar":"","csco_page_header_type":"","csco_page_load_nextpost":"","csco_post_video_location":[],"csco_post_video_location_hash":"","csco_post_video_url":"","csco_post_video_bg_start_time":0,"csco_post_video_bg_end_time":0,"footnotes":""},"categories":[5154],"tags":[10464,10463],"class_list":{"0":"post-169698","1":"post","2":"type-post","3":"status-publish","4":"format-standard","5":"has-post-thumbnail","7":"category-na-luzie","8":"tag-dzien-ojca","9":"tag-mycall","10":"cs-entry","11":"cs-video-wrap"},"_links":{"self":[{"href":"https:\/\/mediarun.com\/pl\/wp-json\/wp\/v2\/posts\/169698","targetHints":{"allow":["GET"]}}],"collection":[{"href":"https:\/\/mediarun.com\/pl\/wp-json\/wp\/v2\/posts"}],"about":[{"href":"https:\/\/mediarun.com\/pl\/wp-json\/wp\/v2\/types\/post"}],"author":[{"embeddable":true,"href":"https:\/\/mediarun.com\/pl\/wp-json\/wp\/v2\/users\/27"}],"replies":[{"embeddable":true,"href":"https:\/\/mediarun.com\/pl\/wp-json\/wp\/v2\/comments?post=169698"}],"version-history":[{"count":0,"href":"https:\/\/mediarun.com\/pl\/wp-json\/wp\/v2\/posts\/169698\/revisions"}],"wp:featuredmedia":[{"embeddable":true,"href":"https:\/\/mediarun.com\/pl\/wp-json\/wp\/v2\/media\/169699"}],"wp:attachment":[{"href":"https:\/\/mediarun.com\/pl\/wp-json\/wp\/v2\/media?parent=169698"}],"wp:term":[{"taxonomy":"category","embeddable":true,"href":"https:\/\/mediarun.com\/pl\/wp-json\/wp\/v2\/categories?post=169698"},{"taxonomy":"post_tag","embeddable":true,"href":"https:\/\/mediarun.com\/pl\/wp-json\/wp\/v2\/tags?post=169698"}],"curies":[{"name":"wp","href":"https:\/\/api.w.org\/{rel}","templated":true}]}}