{"id":169202,"date":"2016-06-08T11:25:15","date_gmt":"2016-06-08T09:25:15","guid":{"rendered":"https:\/\/mediarun.com\/pl\/?p=169202"},"modified":"2018-05-24T00:14:05","modified_gmt":"2018-05-23T22:14:05","slug":"najlepsi-marketerzy-polsce-dyrektor-marketingu-roku-2015","status":"publish","type":"post","link":"https:\/\/mediarun.com\/pl\/marketing\/najlepsi-marketerzy-polsce-dyrektor-marketingu-roku-2015.html","title":{"rendered":"Najlepsi marketerzy w Polsce! &#8211; Dyrektor Marketingu Roku 2015"},"content":{"rendered":"<p>W tym roku <strong>Kapitu\u0142a Konkursu,<\/strong>\u00a0w trakcie dwuetapowego g\u0142osowania przyzna\u0142a nagrody:<\/p>\n<p>&nbsp;<\/p>\n<p><strong>1 &#8211;<\/strong> <strong>Nagrod\u0119 Grand Prix<\/strong> &#8211; Dyrektor Marketingu Roku 2015<\/p>\n<p><strong>2 &#8211;<\/strong> Tytu\u0142y Dyrektor Marketingu Roku 2015 \u2013 <strong>Zg\u0142oszenia indywidualne<\/strong><\/p>\n<p><strong>2 &#8211;<\/strong> Tytu\u0142y Dyrektor Marketingu Roku 2015 \u2013 <strong>Zg\u0142oszenia zespo\u0142owe<\/strong><\/p>\n<p><strong>1 &#8211;<\/strong> Tytu\u0142y Dyrektor Marketingu Roku 2015 \u2013 <strong>Zg\u0142oszenia instytucje i organizacje<\/strong><\/p>\n<p><strong>3 &#8211;<\/strong> Tytu\u0142y Dyrektor Marketingu Roku 2015 \u2013 <strong>Osobowo\u015b\u0107 Marketingu 2015<\/strong><\/p>\n<p><strong>6 &#8211;<\/strong> Tytu\u0142y Dyrektor Marketingu Roku 2015 \u2013 <strong>Wysoka Efektywno\u015b\u0107 w 2015<\/strong><\/p>\n<p><strong>1 &#8211;<\/strong> Nagrod\u0119 Specjaln\u0105 &#8211; <strong>Organizatora Konkursu Dyrektor Marketingu Roku 2015<\/strong><\/p>\n<p>&nbsp;<\/p>\n<p>Wyniki I Etapu g\u0142osowania &#8211; <a href=\"https:\/\/mediarun.com\/marketing\/dyrektor-marketingu-roku-2015-shortlista.html\">Pe\u0142na lista finalist\u00f3w<\/a><\/p>\n<p>&nbsp;<\/p>\n<p>Od pocz\u0105tku istnienia g\u0142\u00f3wnym celem Konkursu jest nagradzanie wybitnych os\u00f3b kieruj\u0105cych dzia\u0142aniami marketingowymi w Polsce. W tym roku, dzi\u0119ki partnerom Konkursu\u00a0wszystkie zg\u0142oszenia by\u0142y bezp\u0142atne, dzi\u0119ki temu konkursu daje szanse na wygran\u0105 zar\u00f3wno przedstawicielom ma\u0142ych jak r\u00f3wnie\u017c du\u017cych firm.<\/p>\n<p>Kapitu\u0142a <strong>6 Edycji Konkursu<\/strong> w trakcie obrad omawia wszystkie zg\u0142oszenia i kandydatury i docenia, osoby kt\u00f3re wyr\u00f3\u017cniaj\u0105 si\u0119 wysokimi efektami marketingowymi i sprzeda\u017cowymi, nieszablonowym my\u015bleniem i profesjonalizmem, dzi\u0119ki kt\u00f3rym przyczyniaj\u0105 si\u0119 oni do rozwoju firmy i\u00a0instytucji, dla kt\u00f3rych pracuj\u0105.<\/p>\n<p><strong>Konkurs Dyrektor Marketingu Roku<\/strong> oraz <strong>Marketing Summit<\/strong> pozwala integrowa\u0107 \u015brodowisko marketingowe w Polsce, promowa\u0107 najlepszych marketer\u00f3w w Polsce oraz pokaza\u0107 rosn\u0105c\u0105 rol\u0119 marketingu \u00a0w strategii firm i instytucji\u00a0&#8211; powiedzia\u0142 Pawe\u0142 Netczuk, Wydawca i Prezes Mediarun &#8211; Organizator Konkursu.<\/p>\n<p>Oficjalne\u00a0wyniki <strong>Konkursu Dyrektor Marketingu Rok 2015<\/strong>, zosta\u0142y og\u0142oszone podczas <strong>Gali Fina\u0142owej &#8211; 6 Edycji Konkursu<\/strong>, kt\u00f3ra mia\u0142a miejsce drugiego dnia \u00a0corocznego spotkania lider\u00f3w marketingu podczas\u00a0<strong>Marketing Summit 2016<\/strong> w ICE Krak\u00f3w 6-7 czerwca 2016..<\/p>\n<p>Prelgenci <strong>Marketing Summit 2016<\/strong> &#8211;\u00a0<a href=\"https:\/\/mediarun.com\/wydarzenia\/169216.html\">Poznaj wszystkich prelegent\u00f3w<\/a><\/p>\n<p>Program <strong>Marketing Summit 2016<\/strong> &#8211;\u00a0<a href=\"https:\/\/mediarun.com\/wydarzenia\/169216.html\">Zobacz pe\u0142en program<\/a><\/p>\n<p>&nbsp;<\/p>\n<p>W poszczeg\u00f3lnych kategoriach zwyci\u0119\u017cyli:<\/p>\n<p>&nbsp;<\/p>\n<p><strong>GRAND PRIX<\/strong> &#8211; Dyrektor Marketingu Roku 2015<br \/>\n<strong>Ma\u0142gorzata Lubelska<\/strong> &#8211; Grupa \u017bywiec<\/p>\n<p>&nbsp;<\/p>\n<p><strong>DYREKTOR MARKETINGU ROKU 2015 \u2013 Zg\u0142oszenia indywidualne, organizacje i instytucje<\/strong><br \/>\n<strong>Zygmunt St\u0119pi\u0144ski<\/strong> &#8211; POLIN<\/p>\n<p>&nbsp;<\/p>\n<p><strong>DYREKTOR MARKETINGU ROKU 2015 \u2013 Zg\u0142oszenia indywidualne, bud\u017cet do 10 000 000 z\u0142<\/strong><br \/>\n<strong> Anna Goliszewska<\/strong> &#8211; LOTOS<\/p>\n<p>&nbsp;<\/p>\n<p><strong>DYREKTOR MARKETINGU ROKU 2015 \u2013 Zg\u0142oszenia indywidualne, bud\u017cet ponad 10 000 000 z\u0142<\/strong><br \/>\n<strong> Marek Gonsior<\/strong> &#8211; Agata S.A.<\/p>\n<p>&nbsp;<\/p>\n<p><strong>DYREKTOR MARKETINGU ROKU 2015 \u2013 Zg\u0142oszenia zespo\u0142owe, bud\u017cet do 10 000 000 z\u0142<\/strong><\/p>\n<p>Zespo\u0142owi <strong>Kross &#8211; Le Grand<\/strong> w sk\u0142adzie:<\/p>\n<p><strong>Arkadiusz Trzci\u0144ski<\/strong> \u2013 Dyrektor Marketingu, Lider zespo\u0142u<\/p>\n<p><strong>Kasia Wyroba<\/strong><br \/>\n<strong> Pawe\u0142 Buczko<\/strong><br \/>\n<strong> Bartosz Piekut<\/strong><br \/>\n<strong> Sebastian Gorzkiewicz<\/strong><br \/>\n<strong> Milena Tretowska<\/strong><br \/>\n<strong> Marek Wiewi\u00f3rski<\/strong><\/p>\n<p>&nbsp;<\/p>\n<p><strong>DYREKTOR MARKETINGU ROKU 2015 \u2013 Zg\u0142oszenia zespo\u0142owe, bud\u017cet ponad 10 000 000 z\u0142<\/strong><\/p>\n<p>Zespo\u0142owi <strong>ING Bank \u015al\u0105ski<\/strong> w sk\u0142adzie:<\/p>\n<p><strong>Barbara Pasterczyk<\/strong> &#8211; Dyrektor Marketingu, lider zespo\u0142u:<\/p>\n<p><strong>Anna Skiba<\/strong><br \/>\n<strong> Anna Talarek<\/strong><br \/>\n<strong> Beata Pi\u0105tek<\/strong><br \/>\n<strong> Magdalena Horzela<\/strong><br \/>\n<strong> Anna Witecka<\/strong><br \/>\n<strong> Aneta Oratowska<\/strong><br \/>\n<strong> Anna Jopa<\/strong><br \/>\n<strong> Tomasz B\u0105k<\/strong><br \/>\n<strong> Diana \u015awi\u0105toniowska<\/strong><br \/>\n<strong> Monika Dyc<\/strong><br \/>\n<strong> Marta Michalska<\/strong><br \/>\n<strong> Izabela Zi\u0119ba-Praszkiewicz<\/strong><br \/>\n<strong> Agnieszka \u017bur<\/strong><br \/>\n<strong> Magdalena Majowska-Kapek<\/strong><br \/>\n<strong> Barbara Deszcz<\/strong><br \/>\n<strong> Artur Stania<\/strong><br \/>\n<strong> Anna Polachowska<\/strong><br \/>\n<strong> Ewa Piech<\/strong><br \/>\n<strong> Arkadiusz Pilarski<\/strong><br \/>\n<strong> Aneta Kabot<\/strong><br \/>\n<strong> Krystyna Jarek<\/strong><br \/>\n<strong> Renata Gr\u0105dek-Pietranek<\/strong><br \/>\n<strong> Dariusz Stelengowski<\/strong><br \/>\n<strong> Dariusz Kubiak<\/strong><br \/>\n<strong> \u0141ukasz Kr\u00f3l<\/strong><br \/>\n<strong> Grzegorz Borowiecki<\/strong><br \/>\n<strong> Pawe\u0142 Szczepaniec<\/strong><br \/>\n<strong> Joanna Kula<\/strong><br \/>\n<strong> Joanna Zieli\u0144ska<\/strong><br \/>\n<strong> Krzysztof Matlak<\/strong><br \/>\n<strong> Patryk Kosin<\/strong><br \/>\n<strong> Aneta Ujma<\/strong><br \/>\n<strong> Anna Walczak-Muszalska<\/strong><br \/>\n<strong> Adam Sojka<\/strong><br \/>\n<strong> Pawe\u0142 Sobel<\/strong><\/p>\n<p>&nbsp;<\/p>\n<p><strong>OSOBOWO\u015a\u0106 MARKETINGU ROKU 2015 &#8211; Launch i rebranding roku<\/strong><br \/>\n<strong> Mariusz Lewandowski<\/strong> &#8211; URSUS<\/p>\n<p>&nbsp;<\/p>\n<p><strong>OSOBOWO\u015a\u0106 MARKETINGU ROKU 2015 &#8211; M\u0142ody Wilk &#8211; Odkrycie roku<\/strong><br \/>\n<strong> Szymon Kosi\u0144ski<\/strong> &#8211; Grupa SARIGATO<\/p>\n<p>&nbsp;<\/p>\n<p><strong>OSOBOWO\u015a\u0106 MARKETINGU ROKU 2015 &#8211; Thinking Outside the box<\/strong><br \/>\n<strong> Ewa \u0141abno-Fal\u0119cka<\/strong> &#8211; MERCEDES-BENZ<\/p>\n<p>&nbsp;<\/p>\n<p><strong>WYSOKA EFEKTYWNO\u015a\u0106 &#8211; Brand &amp; Product Lider<\/strong><br \/>\n<strong> Dariusz Marnic<\/strong> &#8211; HUAWEI<\/p>\n<p>&nbsp;<\/p>\n<p><strong>WYSOKA EFEKTYWNO\u015a\u0106 &#8211; E-Commerce<\/strong><br \/>\n<strong> Miguel Mendes<\/strong> &#8211; CITIBANK<\/p>\n<p>&nbsp;<\/p>\n<p><strong>WYSOKA EFEKTYWNO\u015a\u0106 &#8211; Shopper &amp; Trade Marketing<\/strong><br \/>\n<strong> Beata Zieli\u0144ska<\/strong> &#8211; PLAY<\/p>\n<p>&nbsp;<\/p>\n<p><strong>WYSOKA EFEKTYWNO\u015a\u0106 &#8211; Sales &amp; Marketing Director<\/strong><br \/>\n<strong> Marek Gonsior<\/strong> &#8211; AGATA S.A.<\/p>\n<p>&nbsp;<\/p>\n<p><strong>WYSOKA EFEKTYWNO\u015a\u0106 &#8211; Na rynkach mi\u0119dzynarodowych<\/strong><br \/>\n<strong> El\u017cbieta Szyd\u0142owska<\/strong> &#8211; BALTIC WOOD<\/p>\n<p>&nbsp;<\/p>\n<p><strong>WYSOKA EFEKTYWNO\u015a\u0106 &#8211; B2B Marketing<\/strong><br \/>\n<strong> Aleksander Rzepecki<\/strong> &#8211; MERCEDES-BENZ<\/p>\n<p>&nbsp;<\/p>\n<p><strong>NAGRODA SPECJALAN ORGANZIATORA KONKURSU<\/strong><br \/>\n<strong> Marek Trelka<\/strong> &#8211; TAURON<\/p>\n<p>&nbsp;<\/p>\n<p><strong>Sk\u0142ad Kapitu\u0142y Konkursu Dyrektor Marketingu Rok 2015<\/strong><\/p>\n<p>1. <strong>BEATA GOLUBI\u0143SKA<\/strong>, Wiceprezes, Starcom Mediavest Group<br \/>\n2. <strong>ANNA PUTTS<\/strong>, Dyrektor Marketingu, Samsung Polska<br \/>\n3. <strong>MA\u0141GORZATA PAWLIK-LENIARSKA<\/strong>, Partner, Dragon Rouge<br \/>\n4. <strong>TOMASZ MARSZA\u0141\u0141<\/strong>, Cz\u0142onek zarz\u0105du, Dyrektor Marketingu, TVN<br \/>\n5. <strong>TOMASZ PAWLIKOWSKI<\/strong>, Prezes, Leo Burnett CEE<br \/>\n6. <strong>JAKUB KALICI\u0143SKI<\/strong>, Prezes, Fog Content Agency<br \/>\n7. <strong>MARTA SIERPI\u0143SKA-KOPYT<\/strong>, Marketing Head CEE, TEVA<br \/>\n8. <strong>KRZYSZTOF GAWRYCH<\/strong>, Partner, Eventroom<br \/>\n9. <strong>PROF. BOLES\u0141AW ROK<\/strong> Ekspert, Akademia Ko\u017aminskiego<br \/>\n10. <strong>MICHA\u0141 CZERWI\u0143SKI<\/strong>, Prezes, InDreams<br \/>\n11. <strong>KRZYSZTOF MA\u0141ECKI<\/strong>, Prezes, FFW Communication<br \/>\n12. <strong>MARIUSZ RYCIAK<\/strong>, Ekspert bran\u017cowy \/ Strateg<br \/>\n13. <strong>MICHA\u0141 KAZIMIERCZAK<\/strong>, Prezes, Young &amp; Rubicam Poland<br \/>\n14. <strong>MARCIN MAJ<\/strong>, Prezes, OS3 Group<br \/>\n15. <strong>ARTUR SIKORA<\/strong>, Dyrektor Komunikacji Korporacyjnej i Marketingu, BZWBK<br \/>\n16. <strong>RAFA\u0141 BARAN<\/strong>, Prezes, 4FunTV<br \/>\n17. <strong>PAWE\u0141 POTOROCZYN<\/strong>, Dyrektor, Instytutu Adama Mickiewicza<br \/>\n18. <strong>BARBARA PASTERCZYK<\/strong>, Dyrektor Marketingu, ING Bank \u015al\u0105ski<br \/>\n19. <strong>IZABELA HELBIN<\/strong>, Dyrektor, Krakowskie Biuro Festiwalowe<br \/>\n20. <strong>TOMASZ MACHA\u0141A<\/strong>, Redaktor Naczelny, Dyrektor Zarz\u0105dzaj\u0105cy<br \/>\n21. <strong>JACEK FURMAN<\/strong>, Prezes, Aflofarm<br \/>\n22. <strong>MATEUSZ LABUDA<\/strong>, Zast\u0119pca Dyrektora, Muzeum Narodowe w Warszawie<br \/>\n23. <strong>PAULA BRUSZEWSKA<\/strong>, Prezes Zarz\u0105du, Social Wolves<br \/>\n24. <strong>MAGDALENA CZAJA,<\/strong> Przewodnicz\u0105ca rady Nadzorczej, San Markos<br \/>\n25. <strong>MARCIN DEC<\/strong>, Prezes, Initiative Media<br \/>\n26. <strong>KRZYSZTOF KRUSZEWSKI,<\/strong> Prezes, Milliard Brown<br \/>\n27. <strong>KAROLINA KAROLCZAK<\/strong>, Head of Trade Marking, Tchibo<br \/>\n28. <strong>PAWE\u0141 BARSKI<\/strong>, Dyrektor Marketingu, RICOH<br \/>\n29. <strong>MARZENA WITCZY\u0143SKA<\/strong>, Prezes, BRAVE HEARTS<br \/>\n30. <strong>PIOTR BUBAK<\/strong>, Ekspert bran\u017cowy, GRUPA ONET<br \/>\n31. <strong>MAGDALENA TOKARCZYK-CYRAN<\/strong>, Dyrektor Marketingu i PR, NOWY STYL GROUP<br \/>\n32. <strong>MACIEJ PYRKA<\/strong>, Country Manager, EMIRATES AIRLINE<br \/>\n33. <strong>MARTA CZARTORYSKA-\u017bAK<\/strong>, Vice Prezes, GRUPA WIRTUALNA POLSKA<br \/>\n34. <strong>MARIUSZ SPISZ<\/strong>, Prezes, MULTIKINO MEDIA<br \/>\n35. <strong>ANNA PA\u0143CZYK<\/strong>, Prezes, GREY GROUP<br \/>\n36. <strong>MA\u0141GORZATA W\u0118GIEREK<\/strong>, Prezes, HAVAS MEDIA<br \/>\n37. <strong>\u0141UKASZ ADAMOWICZ<\/strong>, Prezes, BUSINESS FUN CLUB<br \/>\n38. <strong>KRZYSZTOF PARADOWSKI<\/strong>, Prezes, CMA<br \/>\n39. <strong>MA\u0141GORZATA SKORWIDER<\/strong>, Ekspert, SKORWIDER Consulting<br \/>\n40. <strong>JAN KISIELEWSKI<\/strong>, Dyrektor, DELOITTE<br \/>\n41. <strong>MARIA KATARZYNA GRZYWACZEWSKA<\/strong>, Dyrektor Marketingu, T-Mobile<br \/>\n42. <strong>MONIKA KOWALEWSKA<\/strong>, Dyrektor, Superbrands<br \/>\n43. <strong>PAWE\u0141 NETCZUK<\/strong>, Prezes, Mediarun<\/p>\n<p>Pe\u0142en sk\u0142ad Kapitu\u0142y:\u00a0<a href=\"https:\/\/mediarun.com\/awards\/2015\/#kapitula\">Zobacz sylwetki<\/a><\/p>\n<p>Wr\u0119czenie nagr\u00f3d w <strong>Konkursie Promarketingowy Prezes<\/strong> odb\u0119dzie si\u0119 w Pa\u017adzierniku 2016, podczas nowego wydarzenia w kt\u00f3rym <strong>Kapitu\u0142a Honorowa<\/strong>, nagradza\u00a0wybitnych Prezes\u00f3w za ich promarketingow\u0105 postaw\u0119.<\/p>\n<p>Partnerzy Konkursu:<\/p>\n<p><strong>Starcom Mediavest Group, Publicis, Leo Burnett, MSL Group, FFW, Indreams, Dragon Rouge, KBF, ICE Krak\u00f3w, LSW, TVN, Grupa ONET \/ RASP, Grupa Wirtualna Polska, Na Temat, Superbarnds, TNS, Millward Brown, EMIRATES AIRLINE.<\/strong><\/p>\n<p>Fundatorzy nagr\u00f3d:<\/p>\n<p><strong>INDREAMS, HOTEL SHERATON, HOTEL BONIFACIO, SAMSUNG, EMIRATES AIRLINE.<\/strong><\/p>\n<p>W tym roku, laureaci nagr\u00f3d indywidualnych podobnie jak ubieg\u0142orocznej edycji Konkursu, dzi\u0119ki firmom <strong>EMIRATES<\/strong> agencji <strong>INDREAMS<\/strong> oraz <strong>MEDIARUN<\/strong> we wrze\u015bniu 2016 roku, udaj\u0105 si\u0119 na 5 dniowy wyjazd do <strong>DUBAJU i ABU DHABI<\/strong>, podczas kt\u00f3rego b\u0119d\u0105 mogli pozna\u0107 8 najwa\u017cniejsze miejsc tj np: <strong>BURJ KHALIFA, FERARI WORLD, WIELKI MECZER SZEJKA ZAYEDA, PALMA JUMEIRAH<\/strong> itp.<\/p>\n<p>Wszystkim laureatom serdecznie gratulujemy!<\/p>\n<p><img fetchpriority=\"high\" decoding=\"async\" class=\"alignnone size-full wp-image-169221\" src=\"https:\/\/mediarun.com\/wp-content\/uploads\/2016\/06\/Mediarun-Dyrektor-Marketingu-Roku-2015-Gala-1.jpg\" alt=\"Mediarun-Dyrektor-Marketingu-Roku-2015-Gala-1\" width=\"1920\" height=\"1243\" title=\"\" srcset=\"https:\/\/mediarun.com\/pl\/wp-content\/uploads\/2016\/06\/Mediarun-Dyrektor-Marketingu-Roku-2015-Gala-1.jpg 1920w, https:\/\/mediarun.com\/pl\/wp-content\/uploads\/2016\/06\/Mediarun-Dyrektor-Marketingu-Roku-2015-Gala-1-1081x700.jpg 1081w\" sizes=\"(max-width: 1920px) 100vw, 1920px\" \/><\/p>\n<p><img decoding=\"async\" class=\"alignnone size-full wp-image-169243\" src=\"https:\/\/mediarun.com\/wp-content\/uploads\/2016\/06\/Mediarun-Dyrektor-Marketingu-Roku-2015-Gala-0.jpg\" alt=\"Mediarun-Dyrektor-Marketingu-Roku-2015-Gala-0\" width=\"3000\" height=\"1771\" title=\"\" srcset=\"https:\/\/mediarun.com\/pl\/wp-content\/uploads\/2016\/06\/Mediarun-Dyrektor-Marketingu-Roku-2015-Gala-0.jpg 2560w, https:\/\/mediarun.com\/pl\/wp-content\/uploads\/2016\/06\/Mediarun-Dyrektor-Marketingu-Roku-2015-Gala-0-1186x700.jpg 1186w\" sizes=\"(max-width: 3000px) 100vw, 3000px\" \/><\/p>\n<p>&nbsp;<\/p>\n<p>ZOBACZ JESZCZE:<\/p>\n<p><a href=\"https:\/\/mediarun.com\/wydarzenia\/konkursy\/zwyciezcy-konkursu-dyrektor-marketingu-roku-2014.html\">Wyniki Konkursu Dyrektor Marketingu Roku 2014<\/a><\/p>\n","protected":false},"excerpt":{"rendered":"Poznaj najlepszych marketer\u00f3w w Polsce &#8211; zobacz konkursu Dyrektor Marketingu Roku 2015. #dyrektormarketinguroku #marketingsummit #mediarun","protected":false},"author":4,"featured_media":169221,"comment_status":"open","ping_status":"closed","sticky":false,"template":"","format":"standard","meta":{"csco_display_header_overlay":false,"csco_singular_sidebar":"","csco_page_header_type":"","csco_page_load_nextpost":"","csco_post_video_location":[],"csco_post_video_location_hash":"","csco_post_video_url":"","csco_post_video_bg_start_time":0,"csco_post_video_bg_end_time":0,"footnotes":""},"categories":[9639],"tags":[3814,10343,10405,12231],"class_list":{"0":"post-169202","1":"post","2":"type-post","3":"status-publish","4":"format-standard","5":"has-post-thumbnail","7":"category-marketing","8":"tag-dyrektor-marketingu","9":"tag-ice-krakow","10":"tag-marketingsummit","11":"tag-top-100","12":"cs-entry","13":"cs-video-wrap"},"_links":{"self":[{"href":"https:\/\/mediarun.com\/pl\/wp-json\/wp\/v2\/posts\/169202","targetHints":{"allow":["GET"]}}],"collection":[{"href":"https:\/\/mediarun.com\/pl\/wp-json\/wp\/v2\/posts"}],"about":[{"href":"https:\/\/mediarun.com\/pl\/wp-json\/wp\/v2\/types\/post"}],"author":[{"embeddable":true,"href":"https:\/\/mediarun.com\/pl\/wp-json\/wp\/v2\/users\/4"}],"replies":[{"embeddable":true,"href":"https:\/\/mediarun.com\/pl\/wp-json\/wp\/v2\/comments?post=169202"}],"version-history":[{"count":0,"href":"https:\/\/mediarun.com\/pl\/wp-json\/wp\/v2\/posts\/169202\/revisions"}],"wp:featuredmedia":[{"embeddable":true,"href":"https:\/\/mediarun.com\/pl\/wp-json\/wp\/v2\/media\/169221"}],"wp:attachment":[{"href":"https:\/\/mediarun.com\/pl\/wp-json\/wp\/v2\/media?parent=169202"}],"wp:term":[{"taxonomy":"category","embeddable":true,"href":"https:\/\/mediarun.com\/pl\/wp-json\/wp\/v2\/categories?post=169202"},{"taxonomy":"post_tag","embeddable":true,"href":"https:\/\/mediarun.com\/pl\/wp-json\/wp\/v2\/tags?post=169202"}],"curies":[{"name":"wp","href":"https:\/\/api.w.org\/{rel}","templated":true}]}}