{"id":168995,"date":"2016-06-01T19:50:36","date_gmt":"2016-06-01T17:50:36","guid":{"rendered":"https:\/\/mediarun.com\/pl\/?p=168995"},"modified":"2016-06-02T16:01:17","modified_gmt":"2016-06-02T14:01:17","slug":"dyrektor-marketingu-roku-2015-shortlista","status":"publish","type":"post","link":"https:\/\/mediarun.com\/pl\/marketing\/dyrektor-marketingu-roku-2015-shortlista.html","title":{"rendered":"Dyrektor Marketingu Roku 2015 &#8211; Shortlista"},"content":{"rendered":"<h3>W dniu 25 maja 2016 roku Kapitu\u0142a Konkursu Dyrektor Marketingu Roku 2015, na swoim posiedzeniu, w trakcie dyskusji i tajnego g\u0142osowania wybra\u0142a zwyci\u0119zc\u00f3w.<\/h3>\n<p>Ich nazwiska zostan\u0105 og\u0142oszone na uroczystej Gali Fina\u0142owej, kt\u00f3ra odb\u0119dzie si\u0119 podczas corocznego spotkania lider\u00f3w marketingu i sprzeda\u017cy Marketing Summit 2016 <a href=\"http:\/\/marketingsummit.eu\/pl\/marketing-summit-2016-ice-krakow-6-7-czerwca-pl\/\" target=\"_blank\" rel=\"noopener\">www.marketingsummit.eu<\/a>, 6-7 czerwca w ICE Krak\u00f3w w Krakowie, drugiego dnia wydarzenia, 7 czerwca o godzinie 19:00.<\/p>\n<h3>Oto lista finalist\u00f3w 1. etapu g\u0142osowania Kapitu\u0142y Konkursu Dyrektor Marketingu Roku 2015:<\/h3>\n<h3>Zg\u0142oszenia indywidualne<\/h3>\n<p>Anna Goliszewska \u2013 LOTOS<br \/>\nEl\u017cbieta Szyd\u0142owska \u2013 Baltic Wood<br \/>\nAnna Sambor \u2013 Bakalland<br \/>\nDawid Prymas \u2013 Galeria Katowicka<br \/>\nArkadiusz Trzci\u0144ski \u2013 Kross<br \/>\nMa\u0142gorzata Lubelska \u2013 Grupa \u017bywiec<br \/>\nMarek Gonsior \u2013 Agata<br \/>\nMarek Trelka \u2013 Tauron<br \/>\nJacek Balicki \u2013 NCPLUS<br \/>\nDariusz Marnic \u2013 Huawei<br \/>\nMaciej Herman \u2013 Lotte Wedel<\/p>\n<h3>Zg\u0142oszenia zespo\u0142owe: Liderzy zespo\u0142\u00f3w<\/h3>\n<p>\u0141ukasz W\u00f3jcik \u2013 Zesp\u00f3\u0142 Mitshubishi Motors<br \/>\nArkadiusz Trzci\u0144ski \u2013 Zesp\u00f3\u0142 Kross \/ LeGrand<br \/>\nDawid Prymas \u2013 Zesp\u00f3\u0142 Galeria Katowicka<br \/>\nPiotr Bubak \u2013 Zesp\u00f3\u0142 Onet \/ RASP<br \/>\nBarbar Pasterczyk \u2013 Zesp\u00f3\u0142 ING Bank \u015al\u0105ski<br \/>\nTiago Santos \u2013 Zesp\u00f3\u0142 Danone<\/p>\n<h3>Zg\u0142oszenia: Instytucje<\/h3>\n<p>Zygmunt St\u0119pi\u0144ski \u2013 Polin<br \/>\nAgnieszka Borek \u2013 Fika<br \/>\nKinga Jakubowska \u2013 Legalna Kultura<\/p>\n<h3>Zg\u0142oszenia: Wysoka Efektywno\u015b\u0107 B2B Marketing<\/h3>\n<p>Marek Trelka \u2013 Tauron<br \/>\nAleksander Rzepecki \u2013 Mercedes Benz<br \/>\nEwa Wolska \u2013 Pracuj.pl<br \/>\nMarcin Przytulski \u2013 NAC<br \/>\nIwona Folleher \u2013 Viessmann<\/p>\n<h3>Zg\u0142oszenia: Wysoka Efektywno\u015b\u0107 Brand &amp; Product Lider<\/h3>\n<p>Dariusz Marnic \u2013 Huawei<br \/>\nAnna Pater \u2013 Beliso<br \/>\nMicha\u0142 Blak \u2013 Edrone<\/p>\n<h3>Zg\u0142oszenia: Wysoka Efektywno\u015b\u0107 E-commerce<\/h3>\n<p>Miguel Mendes \u2013 Citi Handlowy<br \/>\nMicha\u0142 Blak \u2013 Edrone<\/p>\n<h3>Zg\u0142oszenia: Wysoka Efektywno\u015b\u0107 Shopper &amp; Trade Marketing<\/h3>\n<p>Beata Zieli\u0144ska \u2013 PLAY<br \/>\nMarcin Przytulski \u2013 NAC<\/p>\n<h3>Zg\u0142oszenia: Wysoka Efektywno\u015b\u0107 Sales &amp; Marketing Director<\/h3>\n<p>Marek Gonsior \u2013 Agata<br \/>\nMarek Trelka \u2013 Tauron<br \/>\nEl\u017cbieta Szyd\u0142owska \u2013 Baltic Wood<br \/>\nDariusz Marnic \u2013 Huawei<br \/>\nMiguel Mendes \u2013 Citi Handlowy<\/p>\n<h3>Zg\u0142oszenia: Wysoka efektywno\u015b\u0107 \u2013 Na rynkach mi\u0119dzynarodowych<\/h3>\n<p>Francisco Hidalgo Marques \u2013 Renault<br \/>\nKarolina Paszkiewicz \u2013 Sunreef Yachts<br \/>\nMarcin Przytulski \u2013 NAC<br \/>\nEl\u017cbieta Szyd\u0142owska \u2013 Baltic Wood<\/p>\n<h3>Zg\u0142oszenia: Osobowo\u015b\u0107 Marketingu &#8211; Launch \/ Rebranding roku<\/h3>\n<p>Marek Gonsior \u2013 Agata<br \/>\nMariusz Lewandowski &#8211; Ursus<br \/>\nDariusz Marnic \u2013 Huawei<br \/>\nArkadiusz Trzci\u0144ski \u2013 Kross<br \/>\nWioleta \u0141osiewska \u2013 Nationale Nederlanden<\/p>\n<h3>Zg\u0142oszenia \u2013 Osobowo\u015b\u0107 Marketingu &#8211; Thinking outside the box<\/h3>\n<p>Marek Gonsior \u2013 Agata<br \/>\nMarek Trelka \u2013 Tauron<br \/>\nJacek Balicki \u2013 NCPLUS<br \/>\nEwa \u0141abno &#8211; Fal\u0119cka \u2013 Merceds Benz<br \/>\nDawid Prymas \u2013 Galeria Katowicka<br \/>\nFrancisco Hidalgo Marques \u2013 Renault<\/p>\n<h3>Zg\u0142oszenia: Osobowo\u015b\u0107 Marketingu &#8211; M\u0142ody wilk \u2013 Odkrycie roku<\/h3>\n<p>Szymon Kosi\u0144ski &#8211; Grupa Sarigato<br \/>\nJustyn Chmielewska &#8211; Lenovo<br \/>\nAndrzej Dalkowski \u2013 Vision Express<br \/>\nMicha\u0142 Zalewski &#8211; KBF<br \/>\nEwelina Haraburda &#8211; Bakalland<\/p>\n<h3>Zg\u0142oszenia: Wysoka efektywno\u015b\u0107 \u2013 Na rynkach mi\u0119dzynarodowych<\/h3>\n<p>Francisco Hidalgo Marques \u2013 Renault<br \/>\nKarolina Paszkiewicz \u2013 Sunreef Yachts<br \/>\nMarcin Przytulski \u2013 NAC<br \/>\nEl\u017cbieta Szyd\u0142owska \u2013 Baltic Wood<\/p>\n<h3>GRAND PRIX<\/h3>\n<p>Beata Zieli\u0144ska \u2013 PLAY<br \/>\nMa\u0142gorzata Lubelska \u2013 Grupa \u017bywiec<br \/>\nZygmunt St\u0119pi\u0144ski \u2013 Polin<br \/>\nMarek Gonsior \u2013 Agata<br \/>\nAnna Goliszewska \u2013 LOTOS<br \/>\nMarek Trelka \u2013 Tauron<br \/>\nJacek Balicki \u2013 NCPLUS<br \/>\nEl\u017cbieta Szyd\u0142owska \u2013 Baltic Wood<br \/>\nSzymon Kosi\u0144ski &#8211; Sarigato<br \/>\nMariusz Lewandowski &#8211; Ursus<br \/>\nEwa Wolska \u2013 Pracuj.pl<\/p>\n<h3>Sk\u0142ad Kapitu\u0142y Konkursu Dyrektor Marketingu Rok 2015<\/h3>\n<p>1. BEATA GOLUBI\u0143SKA, Wiceprezes, Starcom Mediavest Group<br \/>\n2. ANNA PUTTS, Dyrektor Marketingu, Samsung Polska<br \/>\n3. MA\u0141GORZATA PAWLIK-LENIARSKA, Partner, Dragon Rouge<br \/>\n4. TOMASZ MARSZA\u0141\u0141, Cz\u0142onek zarz\u0105du, Dyrektor Marketingu, TVN<br \/>\n5. TOMASZ PAWLIKOWSKI, Prezes, Leo Burnett CEE<br \/>\n6. JAKUB KALICI\u0143SKI, Prezes, Fog Content Agency<br \/>\n7. MARTA SIERPI\u0143SKA-KOPYT, Marketing Head CEE, TEVA<br \/>\n8. KRZYSZTOF GAWRYCH, Partner, Eventroom<br \/>\n9. PROF. BOLES\u0141AW ROK Ekspert, Akademia Ko\u017aminskiego<br \/>\n10. MICHA\u0141 CZERWI\u0143SKI, Prezes, InDreams<br \/>\n11. KRZYSZTOF MA\u0141ECKI, Prezes, FFW Communication<br \/>\n12. MARIUSZ RYCIAK, Ekspert bran\u017cowy \/ Strateg<br \/>\n13. MICHA\u0141 KAZIMIERCZAK, Prezes, Young &amp; Rubicam Poland<br \/>\n14. MARCIN MAJ, Prezes, OS3 Group<br \/>\n15. ARTUR SIKORA, Dyrektor Komunikacji Korporacyjnej i Marketingu, BZWBK<br \/>\n16. RAFA\u0141 BARAN, Prezes, 4FunTV<br \/>\n17. PAWE\u0141 POTOROCZYN, Dyrektor, Instytutu Adama Mickiewicza<br \/>\n18. BARBARA PASTERCZYK, Dyrektor Marketingu, ING Bank \u015al\u0105ski<br \/>\n19. IZABELA HELBIN, Dyrektor, Krakowskie Biuro Festiwalowe<br \/>\n20. TOMASZ MACHA\u0141A, Redaktor Naczelny, Dyrektor Zarz\u0105dzaj\u0105cy<br \/>\n21. JACEK FURMAN, Prezes, Aflofarm<br \/>\n22. MATEUSZ LABUDA, Zast\u0119pca Dyrektora, Muzeum Narodowe w Warszawie<br \/>\n23. PAULA BRUSZEWSKA, Prezes Zarz\u0105du, Social Wolves<br \/>\n24. MAGDALENA CZAJA, Przewodnicz\u0105ca rady Nadzorczej, San Markos<br \/>\n25. MARCIN DEC, Prezes, Initiative Media<br \/>\n26. KRZYSZTOF KRUSZEWSKI, Prezes, Milliard Brown<br \/>\n27. KAROLINA KAROLCZAK, Head of Trade Marking, Tchibo<br \/>\n28. PAWE\u0141 BARSKI, Dyrektor Marketingu, RICOH<br \/>\n29. MARZENA WITCZY\u0143SKA, Prezes, BRAVE HEARTS<br \/>\n30. PIOTR BUBAK, Ekspert bran\u017cowy, GRUPA ONET<br \/>\n31. MAGDALENA TOKARCZYK-CYRAN, Dyrektor Marketingu i PR, NOWY STYL GROUP<br \/>\n32. MACIEJ PYRKA, Country Manager, EMIRATES AIRLINE<br \/>\n33. MARTA CZARTORYSKA-\u017bAK, Vice Prezes, GRUPA WIRTUALNA POLSKA<br \/>\n34. MARIUSZ SPISZ, Prezes, MULTIKINO MEDIA<br \/>\n35. ANNA PA\u0143CZYK, Prezes, GREY GROUP<br \/>\n36. MA\u0141GORZATA W\u0118GIEREK, Prezes, HAVAS MEDIA<br \/>\n37. \u0141UKASZ ADAMOWICZ, Prezes, BUSINESS FUN CLUB<br \/>\n38. KRZYSZTOF PARADOWSKI, Prezes, CMA<br \/>\n39. MA\u0141GORZATA SKORWIDER, Ekspert, SKORWIDER Consulting<br \/>\n40. JAN KISIELEWSKI, Dyrektor, DELOITTE<br \/>\n41. MARIA KATARZYNA GRZYWACZEWSKA, Dyrektor Marketingu, T-Mobile<br \/>\n42. MONIKA KOWALEWSKA, Dyrektor, Superbrands<br \/>\n43. PAWE\u0141 NETCZUK, Prezes, Mediarun<\/p>\n<p>Pe\u0142en sk\u0142ad Kapitu\u0142y: <a href=\"https:\/\/mediarun.com\/awards\/2015\/#kapitula\">https:\/\/mediarun.com\/awards\/2015\/#kapitula<\/a><\/p>\n<p>Zapraszamy do wzi\u0119cia udzia\u0142u w najbardziej presti\u017cowym wydarzeniu marketingowym tego roku. Na stronie <a href=\"http:\/\/marketingsummit.eu\/en\/shop\/uncategorized\/udzial-w-gali\/\" target=\"_blank\" rel=\"noopener\">http:\/\/marketingsummit.eu\/en\/shop\/uncategorized\/udzial-w-gali\/<\/a> mo\u017cna naby\u0107 zaproszenie na Gal\u0119 konkursow\u0105 oraz w 2-dniowy szczyt marketingowy.<\/p>\n<p><strong>Partnerzy Konkursu:<\/strong><\/p>\n<p><strong>Starcom Mediavest Group<\/strong>, <strong>Publicis<\/strong>, <strong>Leo Burnett<\/strong>, <strong>MSL Group<\/strong>, <strong>FFW<\/strong>, <strong>Indreams<\/strong>, <strong>Dragon Rouge<\/strong>, <strong>KBF<\/strong>, <strong>ICE Krak\u00f3w<\/strong>, <strong>LSW<\/strong>, <strong>Grupa ONET \/ RASP<\/strong>, <strong>Grupa Wirtualna Polska<\/strong>, <strong>Na Temat<\/strong>, <strong>Superbarnds<\/strong>, <strong>TNS<\/strong>, <strong>Millward Brown<\/strong>,<strong>\u00a0EMIRATES AIRLINE<\/strong>.<\/p>\n<p><strong>Fundatorzy nagr\u00f3d:<\/strong><\/p>\n<p><strong>INDREAMS<\/strong>, <strong>MEDIARUN<\/strong>, <strong>HOTEL SHERATON<\/strong>, <strong>HOTEL BONIFACIO<\/strong>, <strong>LEXUS<\/strong>, <strong>APART<\/strong>, <strong>RICOH<\/strong>, <strong>SAMSUNG<\/strong>, <strong>PROMO 5<\/strong>, <strong>GRUPA NOWY STYL<\/strong>, <strong>EMIRATES AIRLINE<\/strong>.<\/p>\n<p>&nbsp;<\/p>\n<p>Bezp\u0142atna akredytacja\u00a0media \/ blogerzy<br \/>\n<a href=\"http:\/\/marketingsummit.eu\/en\/register-pl\/\" target=\"_blank\" rel=\"noopener\">http:\/\/marketingsummit.eu\/en\/register-pl\/<\/a><\/p>\n<p>Informacje o Marketing Summit.eu<br \/>\n<a href=\"http:\/\/marketingsummit.eu\/\" target=\"_blank\" rel=\"noopener\">http:\/\/marketingsummit.eu\/<\/a><\/p>\n<p>Program Marketing Summit 2016:<br \/>\n<a href=\"http:\/\/marketingsummit.eu\/pl\/program-slider\/\" target=\"_blank\" rel=\"noopener\">http:\/\/marketingsummit.eu\/pl\/program-slider\/<\/a><\/p>\n<p>Informacje o konkursie<br \/>\n<a href=\"https:\/\/mediarun.com\/awards\/2015\/\">https:\/\/mediarun.com\/awards\/2015\/<\/a><\/p>\n<p>Kontakt dla medi\u00f3w<br \/>\nZofia Bugajna, MSL GROUP, zofia.bugajna@mslgroup.com, 794 022 200<br \/>\nAnna Palowicz, MEDIARUN, ap@mediarun.com, 507 186 844<\/p>\n<p>Obserwuj Marketingsummit.eu na Facebooku<br \/>\n<a href=\"https:\/\/facebook.com\/marketingsummit.eu\" target=\"_blank\" rel=\"noopener\">https:\/\/facebook.com\/marketingsummit.eu<\/a><\/p>\n","protected":false},"excerpt":{"rendered":"W dniu 25 maja 2016 roku, Kapitu\u0142a Konkursu Dyrektor Marketingu Roku 2015 na swoim posiedzeniu w trakcie dyskusji oraz tajnego glosowania wybra\u0142a zwyci\u0119zc\u00f3w.","protected":false},"author":27,"featured_media":168998,"comment_status":"open","ping_status":"closed","sticky":false,"template":"","format":"standard","meta":{"csco_display_header_overlay":false,"csco_singular_sidebar":"","csco_page_header_type":"","csco_page_load_nextpost":"","csco_post_video_location":[],"csco_post_video_location_hash":"","csco_post_video_url":"","csco_post_video_bg_start_time":0,"csco_post_video_bg_end_time":0,"footnotes":""},"categories":[9639],"tags":[10340,3814,385,10343,10342,10341],"class_list":{"0":"post-168995","1":"post","2":"type-post","3":"status-publish","4":"format-standard","5":"has-post-thumbnail","7":"category-marketing","8":"tag-dmr2015","9":"tag-dyrektor-marketingu","10":"tag-dyrektor-marketingu-roku","11":"tag-ice-krakow","12":"tag-marketing-summit","13":"tag-mseurope","14":"cs-entry","15":"cs-video-wrap"},"_links":{"self":[{"href":"https:\/\/mediarun.com\/pl\/wp-json\/wp\/v2\/posts\/168995","targetHints":{"allow":["GET"]}}],"collection":[{"href":"https:\/\/mediarun.com\/pl\/wp-json\/wp\/v2\/posts"}],"about":[{"href":"https:\/\/mediarun.com\/pl\/wp-json\/wp\/v2\/types\/post"}],"author":[{"embeddable":true,"href":"https:\/\/mediarun.com\/pl\/wp-json\/wp\/v2\/users\/27"}],"replies":[{"embeddable":true,"href":"https:\/\/mediarun.com\/pl\/wp-json\/wp\/v2\/comments?post=168995"}],"version-history":[{"count":0,"href":"https:\/\/mediarun.com\/pl\/wp-json\/wp\/v2\/posts\/168995\/revisions"}],"wp:featuredmedia":[{"embeddable":true,"href":"https:\/\/mediarun.com\/pl\/wp-json\/wp\/v2\/media\/168998"}],"wp:attachment":[{"href":"https:\/\/mediarun.com\/pl\/wp-json\/wp\/v2\/media?parent=168995"}],"wp:term":[{"taxonomy":"category","embeddable":true,"href":"https:\/\/mediarun.com\/pl\/wp-json\/wp\/v2\/categories?post=168995"},{"taxonomy":"post_tag","embeddable":true,"href":"https:\/\/mediarun.com\/pl\/wp-json\/wp\/v2\/tags?post=168995"}],"curies":[{"name":"wp","href":"https:\/\/api.w.org\/{rel}","templated":true}]}}