{"id":168928,"date":"2016-05-24T23:57:31","date_gmt":"2016-05-24T21:57:31","guid":{"rendered":"https:\/\/mediarun.com\/pl\/?p=168928"},"modified":"2016-05-25T00:26:02","modified_gmt":"2016-05-24T22:26:02","slug":"zmiany-tvp-3","status":"publish","type":"post","link":"https:\/\/mediarun.com\/pl\/media\/zmiany-tvp-3.html","title":{"rendered":"Zmiany w TVP"},"content":{"rendered":"<h3>Ci\u0105g dalszy roszad w Telewizji polskiej. Tym razem zmiana dotyczy korespondenta &#8222;Wiadomo\u015bci&#8221; TVP w Waszyngtonie. Zobacz, kto zast\u0105pi Leszka Krawczyka!<\/h3>\n<p>Leszka Krawczyka zast\u0105pi Zuzanna Falzmann. Przez ostatnich osiem lat Falzmann by\u0142a korespondentk\u0105 stacji Polsat i szefem biura w Waszyngtonie. Realizowa\u0142a materia\u0142y reporterskie dla Polsat News i &#8222;Wydarze\u0144&#8221; Polsatu.<\/p>\n<p>Wcze\u015bniej zwi\u0105zana by\u0142a z TV4, wp.tv, Nasz\u0105 TV i TVN. Przez wiele lat pe\u0142ni\u0142a obowi\u0105zki wydawcy serwisu zagranicznego program\u00f3w informacyjnych Polsatu i TV4. By\u0142a gospodarzem studia Formu\u0142y 1 oraz realizowa\u0142a nagrywany w Londynie program VIP London Calling.<\/p>\n<p>Zuzanna Falzmann jest absolwentk\u0105 Szko\u0142y Filmowej, Telewizyjnej i Teatralnej im. Leona Schillera w \u0141odzi. Studiowa\u0142a te\u017c Etyk\u0119 i Relacje Mi\u0119dzynarodowe na Uniwersytecie Harvarda, Problematyk\u0119 Bezpiecze\u0144stwa Narodowego na Uniwersytecie Georgetown w Waszyngtonie oraz Zarz\u0105dzanie Konfliktem w Szkole Zaawansowanych Studi\u00f3w Mi\u0119dzynarodowych na Uniwersytecie Johnsa Hopkinsa w Waszyngtonie.<\/p>\n<p>Leszek Krawczyk by\u0142 korespondentem TVP w Stanach Zjednoczonych od 2014 roku. W ubieg\u0142ym tygodniu zosta\u0142 odwo\u0142any ze stanowiska, obecnie przebywa na zwolnieniu lekarskim. W przesz\u0142o\u015bci relacjonowa\u0142 wydarzenia m.in. w Gruzji, Egipcie czy Syrii. W latach 2013-2014 by\u0142 wys\u0142annikiem &#8222;Wiadomo\u015bci&#8221; w Kijowie i Doniecku.<\/p>\n<p>\u0179r\u00f3d\u0142o: PAP<\/p>\n","protected":false},"excerpt":{"rendered":"Ci\u0105g dalszy roszad w Telewizji polskiej. Tym razem zmiana dotyczy korespondenta &#8222;Wiadomo\u015bci&#8221; TVP w Waszyngtonie. Zobacz, kto zast\u0105pi Leszka Krawczyka!","protected":false},"author":27,"featured_media":168931,"comment_status":"open","ping_status":"closed","sticky":false,"template":"","format":"standard","meta":{"csco_display_header_overlay":false,"csco_singular_sidebar":"","csco_page_header_type":"","csco_page_load_nextpost":"","csco_post_video_location":[],"csco_post_video_location_hash":"","csco_post_video_url":"","csco_post_video_bg_start_time":0,"csco_post_video_bg_end_time":0,"footnotes":""},"categories":[9668,9670],"tags":[10382,392,1096],"class_list":{"0":"post-168928","1":"post","2":"type-post","3":"status-publish","4":"format-standard","5":"has-post-thumbnail","7":"category-media","8":"category-tv","9":"tag-falzmann","10":"tag-tvp","11":"tag-wiadomosci","12":"cs-entry","13":"cs-video-wrap"},"_links":{"self":[{"href":"https:\/\/mediarun.com\/pl\/wp-json\/wp\/v2\/posts\/168928","targetHints":{"allow":["GET"]}}],"collection":[{"href":"https:\/\/mediarun.com\/pl\/wp-json\/wp\/v2\/posts"}],"about":[{"href":"https:\/\/mediarun.com\/pl\/wp-json\/wp\/v2\/types\/post"}],"author":[{"embeddable":true,"href":"https:\/\/mediarun.com\/pl\/wp-json\/wp\/v2\/users\/27"}],"replies":[{"embeddable":true,"href":"https:\/\/mediarun.com\/pl\/wp-json\/wp\/v2\/comments?post=168928"}],"version-history":[{"count":0,"href":"https:\/\/mediarun.com\/pl\/wp-json\/wp\/v2\/posts\/168928\/revisions"}],"wp:featuredmedia":[{"embeddable":true,"href":"https:\/\/mediarun.com\/pl\/wp-json\/wp\/v2\/media\/168931"}],"wp:attachment":[{"href":"https:\/\/mediarun.com\/pl\/wp-json\/wp\/v2\/media?parent=168928"}],"wp:term":[{"taxonomy":"category","embeddable":true,"href":"https:\/\/mediarun.com\/pl\/wp-json\/wp\/v2\/categories?post=168928"},{"taxonomy":"post_tag","embeddable":true,"href":"https:\/\/mediarun.com\/pl\/wp-json\/wp\/v2\/tags?post=168928"}],"curies":[{"name":"wp","href":"https:\/\/api.w.org\/{rel}","templated":true}]}}