{"id":167661,"date":"2016-04-13T08:25:50","date_gmt":"2016-04-13T06:25:50","guid":{"rendered":"https:\/\/mediarun.com\/pl\/?p=167661"},"modified":"2016-04-12T20:32:49","modified_gmt":"2016-04-12T18:32:49","slug":"premiera-nowego-programu-michala-broniatowskiego","status":"publish","type":"post","link":"https:\/\/mediarun.com\/pl\/digital\/premiera-nowego-programu-michala-broniatowskiego.html","title":{"rendered":"Premiera nowego programu Micha\u0142a Broniatowskiego"},"content":{"rendered":"<p><strong>\u201eTwarze Biznesu\u201d, nowy program Micha\u0142a Broniatowskiego zapowiadany w wiosennej ram\u00f3wce Grupy Onet-RAS Polska, zadebiutuje ju\u017c 7 kwietnia na Forbes.pl i portalu Onet.pl. Nowe odcinki programu b\u0119d\u0105 mia\u0142\u012b premier\u0119 co tydzie\u0144, w czwartki, a ka\u017cdy odcinek potrwa oko\u0142o 15-20 minut. W swoim autorskim programie redaktor naczelny miesi\u0119cznika \u201eForbes\u201d b\u0119dzie odkrywa\u0107 ludzk\u0105 twarz wielkich \u015bwiata biznesu.<\/strong><\/p>\n<p>W \u201eTwarzach biznesu\u201d Micha\u0142 Broniatowski b\u0119dzie rozmawia\u0142 z najciekawszymi osobami \u015bwiata biznesu, w tym z osobami znanymi z listy stu najbogatszych ludzi w Polsce, o ich przepisach na sukces i codziennych motywacjach, pokazuj\u0105c biznes w szerszej, ludzkiej perspektywie. Go\u015bciem pierwszego odcinka b\u0119dzie Solange Olszewska, w\u0142a\u015bciciel Solaris Bus &amp; Coach.<\/p>\n<p>Micha\u0142 Broniatowski, redaktor naczelny miesi\u0119cznika &#8222;Forbes&#8221;, dodaje:<\/p>\n<blockquote><p><em>Najwa\u017cniejsze postacie biznesu rzadko miewaj\u0105 czas, a tym bardziej ochot\u0119 na rozmow\u0119 dziennikarzem. Tote\u017c nasze wywiady, to niezwyk\u0142a okazja, by us\u0142ysze\u0107 ich osobiste historie i pozna\u0107 ich pogl\u0105dy. Serdecznie zapraszam.<\/em><\/p><\/blockquote>\n<p>Premierowy odcinek \u201eTwarzy Biznesu\u201d zostanie wyemitowany na Forbes.pl i stronie g\u0142\u00f3wnej Onet.pl, i od dzi\u015b b\u0119dzie dost\u0119pny w ca\u0142o\u015bci w serwisie VoD.pl. Premier\u0119 programu wspiera kampania autopromocyjna realizowana w mediach Grupy Onet-RAS Polska oraz w kana\u0142ach social media.<\/p>\n<p>\u201eTwarze Biznesu\u201d to kolejna z propozycji wiosennej ram\u00f3wki Grupy Onet-RAS Polska, w kt\u00f3rej znalaz\u0142o si\u0119 \u0142\u0105cznie ponad 30 w\u0142asnych produkcji i zapowiedzi wydarze\u0144, w tym 15 nowo\u015bci i 6 cyklicznych program\u00f3w na \u017cywo.<\/p>\n<p>&nbsp;<\/p>\n","protected":false},"excerpt":{"rendered":"\u201eTwarze Biznesu\u201d, nowy program Micha\u0142a Broniatowskiego zapowiadany w wiosennej ram\u00f3wce Grupy Onet-RAS Polska, zadebiutuje ju\u017c dzi\u015b (7 kwietnia) na Forbes.pl i portalu Onet.pl.","protected":false},"author":23,"featured_media":167662,"comment_status":"open","ping_status":"closed","sticky":false,"template":"","format":"standard","meta":{"csco_display_header_overlay":false,"csco_singular_sidebar":"","csco_page_header_type":"","csco_page_load_nextpost":"","csco_post_video_location":[],"csco_post_video_location_hash":"","csco_post_video_url":"","csco_post_video_bg_start_time":0,"csco_post_video_bg_end_time":0,"footnotes":""},"categories":[9670,4630,9676,8246,9668],"tags":[112,10252,10251,132,10250],"class_list":{"0":"post-167661","1":"post","2":"type-post","3":"status-publish","4":"format-standard","5":"has-post-thumbnail","7":"category-tv","8":"category-digital","9":"category-internet","10":"category-inwestycje","11":"category-media","12":"tag-forbes","13":"tag-michal-broniatowski","14":"tag-onet-ras-polska","15":"tag-onet-pl","16":"tag-twarze-biznesu","17":"cs-entry","18":"cs-video-wrap"},"_links":{"self":[{"href":"https:\/\/mediarun.com\/pl\/wp-json\/wp\/v2\/posts\/167661","targetHints":{"allow":["GET"]}}],"collection":[{"href":"https:\/\/mediarun.com\/pl\/wp-json\/wp\/v2\/posts"}],"about":[{"href":"https:\/\/mediarun.com\/pl\/wp-json\/wp\/v2\/types\/post"}],"author":[{"embeddable":true,"href":"https:\/\/mediarun.com\/pl\/wp-json\/wp\/v2\/users\/23"}],"replies":[{"embeddable":true,"href":"https:\/\/mediarun.com\/pl\/wp-json\/wp\/v2\/comments?post=167661"}],"version-history":[{"count":0,"href":"https:\/\/mediarun.com\/pl\/wp-json\/wp\/v2\/posts\/167661\/revisions"}],"wp:featuredmedia":[{"embeddable":true,"href":"https:\/\/mediarun.com\/pl\/wp-json\/wp\/v2\/media\/167662"}],"wp:attachment":[{"href":"https:\/\/mediarun.com\/pl\/wp-json\/wp\/v2\/media?parent=167661"}],"wp:term":[{"taxonomy":"category","embeddable":true,"href":"https:\/\/mediarun.com\/pl\/wp-json\/wp\/v2\/categories?post=167661"},{"taxonomy":"post_tag","embeddable":true,"href":"https:\/\/mediarun.com\/pl\/wp-json\/wp\/v2\/tags?post=167661"}],"curies":[{"name":"wp","href":"https:\/\/api.w.org\/{rel}","templated":true}]}}