{"id":16715,"date":"2011-05-05T10:15:48","date_gmt":"2011-05-05T08:15:48","guid":{"rendered":"https:\/\/mediarun.com\/index.php\/radio-zet-rusza-w-trase-koncertowa\/"},"modified":"2011-05-05T10:15:48","modified_gmt":"2011-05-05T08:15:48","slug":"radio-zet-rusza-w-trase-koncertowa","status":"publish","type":"post","link":"https:\/\/mediarun.com\/pl\/marketing\/radio-zet-rusza-w-trase-koncertowa.html","title":{"rendered":"Radio Zet rusza w tras\u0119 koncertow\u0105"},"content":{"rendered":"<p>Z racji zbli\u017caj\u0105cego si\u0119 dnia matki, to w\u0142a\u015bnie im i ich pociechom b\u0119d\u0105 dedykowane tegoroczne maj&oacute;wki Radia Zet. Na pi\u0119ciu plenerowych koncertach wyst\u0105pi\u0105 \u015bpiewaj\u0105ce mamy &#8211; gwiazdy polskiej sceny muzycznej.<\/p>\n<p>Pierwszy z serii koncert&oacute;w odb\u0119dzie si\u0119 7 maja w Gdyni. Wyst\u0105pi na nim Patrycja Markowska. 14 i 15 maja Radio Zet zaprasza do \u0141odzi, gdzie za\u015bpiewa Kasia Kowalska oraz Natalia Kukulska. Na maj&oacute;wce w Szczecinie, 21 maja, wyst\u0105pi Edyta G&oacute;rniak, a fina\u0142 trasy koncertowej odb\u0119dzie si\u0119 28 maja w Warszawie z udzia\u0142em Urszuli. Opr&oacute;cz \u015bpiewaj\u0105cych mam na scenach wyst\u0105pi\u0105 m.in. T.Love, Afromental, Poparzeni Kaw\u0105 Trzy, Manchester, czy The Shemoans.<\/p>\n<p>W ka\u017cdym mie\u015bcie na maj&oacute;wkach powstan\u0105 strefy zabaw, edukacji i kulinari&oacute;w. W specjalnej strefie Radia Zet b\u0119dzie czeka\u0107 wiele konkurs&oacute;w z nagrodami.<\/p>\n<p>Sw&oacute;j namiot udost\u0119pni r&oacute;wnie\u017c Fundacja Radia Zet. B\u0119dzie tam mo\u017cna nagra\u0107 bicie swojego serca z do\u0142\u0105czonymi \u017cyczeniami dla najbli\u017cszej osoby, a kardiolodzy opowiedz\u0105 maluchom, jak dzia\u0142a serce i jak o nie dba\u0107. Ponadto dzieci b\u0119d\u0105 mog\u0142y wzi\u0105\u0107 udzia\u0142 w konkursach i zaj\u0119ciach plastycznych. Fundacja Radia Zet zorganizuje tak\u017ce zbi&oacute;rk\u0119 pieni\u0119dzy pod has\u0142em &#8222;Mamy maj w sercach&#8221;. Ka\u017cdy wys\u0142any sms podczas maj&oacute;wek pod numer 7525 (ca\u0142kowity koszt 6,15 z\u0142) zostanie przeznaczony na zakup wyposa\u017cenia u\u0142atwiaj\u0105cego mamom maluch&oacute;w chorych na serce pobyt w szpitalu. Sprz\u0119t zostanie przekazany wybranym lokalnym plac&oacute;wkom z oddzia\u0142ami kardiologicznymi dla dzieci.<\/p>\n<p>Szczeg&oacute;\u0142owe informacje na temat koncert&oacute;w &#8222;Mamy Maj&#8221; mo\u017cna znale\u017a\u0107 na stronie <a rel=\"nofollow noopener\" href=\"http:\/\/www.radiozet.pl\/\" target=\"_blank\">www.radiozet.pl. <\/a>Wkr&oacute;tce umieszczone zostan\u0105 tam relacje z poszczeg&oacute;lnych maj&oacute;wek. Wszyscy ch\u0119tni mog\u0105 r&oacute;wnie\u017c przes\u0142a\u0107 zdj\u0119cia swoich pociech, kt&oacute;re b\u0119d\u0105 opublikowane na stronie.<\/p>\n<p>Imprezy <a href=\"http:\/\/dlafirm.mediarun.pl\/katalog\/firma\/radio-zet,939,1.html\" target=\"_blank\" rel=\"noopener\">Radia Zet<\/a> b\u0119d\u0105 promowane m.in. w lokalnych tytu\u0142ach Polskapresse, dwutygodniku Viva, a tak\u017ce na mobilnych no\u015bnikach oraz za pomoc\u0105 animator&oacute;w rozdaj\u0105cych ulotki informacyjne. Majow\u0105 akcj\u0119 zaplanowa\u0142 i zorganizowa\u0142 dzia\u0142 komunikacji produkt&oacute;w Grupy Eurozet.<\/p>\n","protected":false},"excerpt":{"rendered":"Radio Zet zaprasza na tras\u0119 koncertow\u0105 pod has\u0142em &#8222;Mamy Maj&#8221;, kt&oacute;ra rozpocznie si\u0119 7 maja w Gdyni.","protected":false},"author":1,"featured_media":16716,"comment_status":"open","ping_status":"closed","sticky":false,"template":"","format":"standard","meta":{"csco_display_header_overlay":false,"csco_singular_sidebar":"","csco_page_header_type":"","csco_page_load_nextpost":"","csco_post_video_location":[],"csco_post_video_location_hash":"","csco_post_video_url":"","csco_post_video_bg_start_time":0,"csco_post_video_bg_end_time":0,"footnotes":""},"categories":[],"tags":[504],"class_list":{"0":"post-16715","1":"post","2":"type-post","3":"status-publish","4":"format-standard","5":"has-post-thumbnail","7":"tag-radio-zet","8":"cs-entry","9":"cs-video-wrap"},"_links":{"self":[{"href":"https:\/\/mediarun.com\/pl\/wp-json\/wp\/v2\/posts\/16715","targetHints":{"allow":["GET"]}}],"collection":[{"href":"https:\/\/mediarun.com\/pl\/wp-json\/wp\/v2\/posts"}],"about":[{"href":"https:\/\/mediarun.com\/pl\/wp-json\/wp\/v2\/types\/post"}],"author":[{"embeddable":true,"href":"https:\/\/mediarun.com\/pl\/wp-json\/wp\/v2\/users\/1"}],"replies":[{"embeddable":true,"href":"https:\/\/mediarun.com\/pl\/wp-json\/wp\/v2\/comments?post=16715"}],"version-history":[{"count":0,"href":"https:\/\/mediarun.com\/pl\/wp-json\/wp\/v2\/posts\/16715\/revisions"}],"wp:featuredmedia":[{"embeddable":true,"href":"https:\/\/mediarun.com\/pl\/wp-json\/wp\/v2\/media\/16716"}],"wp:attachment":[{"href":"https:\/\/mediarun.com\/pl\/wp-json\/wp\/v2\/media?parent=16715"}],"wp:term":[{"taxonomy":"category","embeddable":true,"href":"https:\/\/mediarun.com\/pl\/wp-json\/wp\/v2\/categories?post=16715"},{"taxonomy":"post_tag","embeddable":true,"href":"https:\/\/mediarun.com\/pl\/wp-json\/wp\/v2\/tags?post=16715"}],"curies":[{"name":"wp","href":"https:\/\/api.w.org\/{rel}","templated":true}]}}