{"id":16705,"date":"2011-05-05T12:18:35","date_gmt":"2011-05-05T10:18:35","guid":{"rendered":"https:\/\/mediarun.com\/index.php\/eurowizja-2011-w-tvp1-wideo\/"},"modified":"2011-05-05T12:18:35","modified_gmt":"2011-05-05T10:18:35","slug":"eurowizja-2011-w-tvp1-wideo","status":"publish","type":"post","link":"https:\/\/mediarun.com\/pl\/marketing\/eurowizja-2011-w-tvp1-wideo.html","title":{"rendered":"Eurowizja 2011 w TVP1 (wideo)"},"content":{"rendered":"<p><a href=\"http:\/\/dlafirm.mediarun.pl\/katalog\/firma\/tvp1,959,1.html\" target=\"_blank\" rel=\"noopener\">Jedynka<\/a> b\u0119dzie prezentowa\u0107 teledyski piosenek tegorocznego Konkursu: 2 maja, 4 maja, 5 maja, 6 maja, 9 maja, 10 maja, 11 maja, 12 maja, 13 maja o godz. 14.35.<\/p>\n<p>I P&oacute;\u0142fina\u0142owy koncert na \u017cywo z Dusseldorfu (z polsk\u0105 reprezentantk\u0105 &#8211; Magdalen\u0105 Tul) emitowany b\u0119dzie r&oacute;wnie\u017c w TVP1 we wtorek 10 maja o godz. 21.00.<\/p>\n<p>P&oacute;\u0142fina\u0142 wy\u0142oni dziesi\u0119ciu laureat&oacute;w, kt&oacute;rzy do\u0142\u0105cz\u0105 do finalist&oacute;w konkursu. Uczestnikami s\u0105: Polska, Norwegia, Albania, Armenia, Turcja, Serbia, Rosja, Szwajcaria, Gruzja, Finlandia, Malta, San Marino, Chorwacja, Islandia, W\u0119gry, Portugalia, Litwa, Azerbejd\u017can, Grecja. Telewizj\u0119 Polsk\u0105 reprezentuje Magda Tul z piosenk\u0105 &#8222;Jestem&#8221;.<\/p>\n<p>Ponadto wyst\u0105pi\u0105: Aurela Gace, Emmy, Ell &amp; Nikki, Daria, Paradise Oskar, zesp&oacute;\u0142 Eldrine, Loucas Yiorkas feat. Stereo Mike,  Kati Wolf, zesp&oacute;\u0142 Sjonni&#8217;s Friends, Evelina Sa&scaron;enko, Glen Vella, Stella Mwangi, zesp&oacute;\u0142 Homens Da Luta, Alexej Vorobjov, Senit, Nina, Anna Rossinelli, zesp&oacute;\u0142 Y&uuml;ksek Sadakat.<\/p>\n<p>Skr&oacute;t II p&oacute;\u0142fina\u0142u zostanie wyemitowany w pi\u0105tek, 13 maja o godz. 15.15. TVP poka\u017ce pierwsze 10 miejsc.<\/p>\n<p>Natomiast Koncert Fina\u0142owy b\u0119dzie transmitowany na \u017cywo z Dusseldorfu &#8211; emisja 14 maja (sobota) o godz. 21.00.<\/p>\n<p>Koncerty P&oacute;\u0142fina\u0142owe i Koncert Fina\u0142owy komentuje Artur Orzech. Wyniki polskiego g\u0142osowania przekazuje Odetta Moro-Figurska. W sk\u0142ad polskiego jury konkursu wejd\u0105: Piotr Klatt (przewodnicz\u0105cy), Maria Szab\u0142owska, Justyna Steczkowska, Marek Dutkiewicz, Radzimir D\u0119bski.<\/p>\n","protected":false},"excerpt":{"rendered":"Telewizja Polska przedstawi\u0142a program tegorocznej edycji konkursu Eurowizji. Fina\u0142 odb\u0119dzie si\u0119 14 maja w Dusseldorfie w Niemczech.","protected":false},"author":1,"featured_media":16706,"comment_status":"open","ping_status":"closed","sticky":false,"template":"","format":"standard","meta":{"csco_display_header_overlay":false,"csco_singular_sidebar":"","csco_page_header_type":"","csco_page_load_nextpost":"","csco_post_video_location":[],"csco_post_video_location_hash":"","csco_post_video_url":"","csco_post_video_bg_start_time":0,"csco_post_video_bg_end_time":0,"footnotes":""},"categories":[],"tags":[558],"class_list":{"0":"post-16705","1":"post","2":"type-post","3":"status-publish","4":"format-standard","5":"has-post-thumbnail","7":"tag-tvp1","8":"cs-entry","9":"cs-video-wrap"},"_links":{"self":[{"href":"https:\/\/mediarun.com\/pl\/wp-json\/wp\/v2\/posts\/16705","targetHints":{"allow":["GET"]}}],"collection":[{"href":"https:\/\/mediarun.com\/pl\/wp-json\/wp\/v2\/posts"}],"about":[{"href":"https:\/\/mediarun.com\/pl\/wp-json\/wp\/v2\/types\/post"}],"author":[{"embeddable":true,"href":"https:\/\/mediarun.com\/pl\/wp-json\/wp\/v2\/users\/1"}],"replies":[{"embeddable":true,"href":"https:\/\/mediarun.com\/pl\/wp-json\/wp\/v2\/comments?post=16705"}],"version-history":[{"count":0,"href":"https:\/\/mediarun.com\/pl\/wp-json\/wp\/v2\/posts\/16705\/revisions"}],"wp:featuredmedia":[{"embeddable":true,"href":"https:\/\/mediarun.com\/pl\/wp-json\/wp\/v2\/media\/16706"}],"wp:attachment":[{"href":"https:\/\/mediarun.com\/pl\/wp-json\/wp\/v2\/media?parent=16705"}],"wp:term":[{"taxonomy":"category","embeddable":true,"href":"https:\/\/mediarun.com\/pl\/wp-json\/wp\/v2\/categories?post=16705"},{"taxonomy":"post_tag","embeddable":true,"href":"https:\/\/mediarun.com\/pl\/wp-json\/wp\/v2\/tags?post=16705"}],"curies":[{"name":"wp","href":"https:\/\/api.w.org\/{rel}","templated":true}]}}