{"id":16683,"date":"2011-05-05T16:32:24","date_gmt":"2011-05-05T14:32:24","guid":{"rendered":"https:\/\/mediarun.com\/index.php\/podpisano-porozumienie-ws-digitalizacji-materialow-archiwalnych-tvp\/"},"modified":"2011-05-05T16:32:24","modified_gmt":"2011-05-05T14:32:24","slug":"podpisano-porozumienie-ws-digitalizacji-materialow-archiwalnych-tvp","status":"publish","type":"post","link":"https:\/\/mediarun.com\/pl\/marketing\/podpisano-porozumienie-ws-digitalizacji-materialow-archiwalnych-tvp.html","title":{"rendered":"Podpisano porozumienie ws. digitalizacji materia\u0142\u00f3w archiwalnych TVP"},"content":{"rendered":"<p>G\u0142&oacute;wne zapisy porozumienia zawartego przez prezesa Zarz\u0105du Telewizji Polskiej Juliusza Brauna i dyrektora Narodowego Instytutu Audiowizualnego Micha\u0142a Merczy\u0144skiego to: wsp&oacute;lne dzia\u0142ania na rzecz ochrony narodowego dziedzictwa audiowizualnego, wsp&oacute;\u0142praca w zakresie digitalizacji, archiwizacji i upowszechnienia tw&oacute;rczo\u015bci audiowizualnej, realizacja zada\u0144 s\u0142u\u017c\u0105cych promocji idei wsp&oacute;lnej Europy, ze szczeg&oacute;lnym uwzgl\u0119dnieniem roli polskiego przewodnictwa w Radzie Unii Europejskiej, \u015bcis\u0142a wsp&oacute;\u0142praca przy produkcji materia\u0142&oacute;w audiowizualnych realizuj\u0105cych cele misyjne, w szczeg&oacute;lno\u015bci w zakresie kultury.<\/p>\n<p>Digitalizacja tre\u015bci audiowizualnych pozostaj\u0105cych w depozycie TVP b\u0119dzie realizowana ze \u015brodk&oacute;w publicznych zarz\u0105dzanych przez Narodowy Instytut Audiowizualny. W wyniku cyfryzacji materia\u0142y d\u017awi\u0119kowe i wideo prezentuj\u0105ce polski dorobek spo\u0142eczno-kulturalny zostan\u0105 zabezpieczone, skatalogowane i udost\u0119pnione.<\/p>\n<p>Poddane obr&oacute;bce cyfrowej materia\u0142y zostan\u0105 udost\u0119pnione na portalu <a rel=\"nofollow noopener\" href=\"http:\/\/www.nina.gov.pl\/\" target=\"_blank\">www.nina.gov.pl<\/a>.<\/p>\n<p>Narodowy Instytut Audiowizualny b\u0119dzie r&oacute;wnie\u017c koproducentem nowych, cyklicznych program&oacute;w telewizyjnych po\u015bwi\u0119conych kulturze.<\/p>\n","protected":false},"excerpt":{"rendered":"4 maja br. TVP oraz Narodowy Instytut Audiowizualny podpisa\u0142y list intencyjny, kt&oacute;ry zak\u0142ada m.in. digitalizacj\u0119 materia\u0142&oacute;w archiwalnych TVP i umieszczenie ich w internecie.","protected":false},"author":1,"featured_media":16684,"comment_status":"open","ping_status":"closed","sticky":false,"template":"","format":"standard","meta":{"csco_display_header_overlay":false,"csco_singular_sidebar":"","csco_page_header_type":"","csco_page_load_nextpost":"","csco_post_video_location":[],"csco_post_video_location_hash":"","csco_post_video_url":"","csco_post_video_bg_start_time":0,"csco_post_video_bg_end_time":0,"footnotes":""},"categories":[],"tags":[392],"class_list":{"0":"post-16683","1":"post","2":"type-post","3":"status-publish","4":"format-standard","5":"has-post-thumbnail","7":"tag-tvp","8":"cs-entry","9":"cs-video-wrap"},"_links":{"self":[{"href":"https:\/\/mediarun.com\/pl\/wp-json\/wp\/v2\/posts\/16683","targetHints":{"allow":["GET"]}}],"collection":[{"href":"https:\/\/mediarun.com\/pl\/wp-json\/wp\/v2\/posts"}],"about":[{"href":"https:\/\/mediarun.com\/pl\/wp-json\/wp\/v2\/types\/post"}],"author":[{"embeddable":true,"href":"https:\/\/mediarun.com\/pl\/wp-json\/wp\/v2\/users\/1"}],"replies":[{"embeddable":true,"href":"https:\/\/mediarun.com\/pl\/wp-json\/wp\/v2\/comments?post=16683"}],"version-history":[{"count":0,"href":"https:\/\/mediarun.com\/pl\/wp-json\/wp\/v2\/posts\/16683\/revisions"}],"wp:featuredmedia":[{"embeddable":true,"href":"https:\/\/mediarun.com\/pl\/wp-json\/wp\/v2\/media\/16684"}],"wp:attachment":[{"href":"https:\/\/mediarun.com\/pl\/wp-json\/wp\/v2\/media?parent=16683"}],"wp:term":[{"taxonomy":"category","embeddable":true,"href":"https:\/\/mediarun.com\/pl\/wp-json\/wp\/v2\/categories?post=16683"},{"taxonomy":"post_tag","embeddable":true,"href":"https:\/\/mediarun.com\/pl\/wp-json\/wp\/v2\/tags?post=16683"}],"curies":[{"name":"wp","href":"https:\/\/api.w.org\/{rel}","templated":true}]}}