{"id":166762,"date":"2016-03-18T16:15:02","date_gmt":"2016-03-18T15:15:02","guid":{"rendered":"https:\/\/mediarun.com\/pl\/?p=166762"},"modified":"2016-03-19T06:52:11","modified_gmt":"2016-03-19T05:52:11","slug":"slowa-o-ktorych-chcemy-zapomniec","status":"publish","type":"post","link":"https:\/\/mediarun.com\/pl\/trendy\/badania\/slowa-o-ktorych-chcemy-zapomniec.html","title":{"rendered":"S\u0142owa, o kt\u00f3rych chcemy zapomnie\u0107"},"content":{"rendered":"<p><strong>[easy-tweet tweet=&#8221;S\u0142owa kt\u00f3rych nie lubimy &#8211; Raport&#8221; via=&#8221;no&#8221; usehashtags=&#8221;no&#8221; url=&#8221;https:\/\/mediarun.com\/trendy\/badania\/slowa-o-ktorych-chcemy-zapomniec.html&#8221;]<\/strong><\/p>\n<p>&nbsp;<\/p>\n<p><strong>Frazy konkubina\/konkubent, wykon i zajebi\u015bcie to najmniej lubiane s\u0142owa \u2013 wynika z plebiscytu &#8222;S\u0142owa, kt\u00f3re chcemy zapomnie\u0107&#8221;. \u201ePRESS-SERVICE Monitoring Medi\u00f3w\u201d sprawdzi\u0142 popularno\u015b\u0107 tych fraz w mediach w 2015 r. U\u017cytkownicy social media stawiaj\u0105 na selfie.<\/strong><\/p>\n<p>W mediach tradycyjnych \u2013 prasie, RTV i na portalach internetowych zdecydowanie prym wiod\u0142o jedno s\u0142owo \u2013 event. W ubieg\u0142ym roku dziennikarze u\u017cyli go a\u017c w 119 tys. publikacji. Wyraz pojawia\u0142 si\u0119 g\u0142\u00f3wnie w materia\u0142ach z sieci \u2013 94 proc. przekazu, a nast\u0119pnie w prasie (6 proc.). Znacznie rzadziej mo\u017cna go by\u0142o us\u0142ysze\u0107 w radiu czy telewizji.<\/p>\n<p>Drugie miejsce zaj\u0119\u0142o s\u0142owo selfie z wynikiem 32 tys. doniesie\u0144 medialnych. Na podium uplasowa\u0142 si\u0119 tak\u017ce briefing (15 tys.), a tu\u017c za nim hejt (15 tys.) i dizajn\/dizajner(13 tys.).<\/p>\n<p>Dziennikarze znacznie rzadziej u\u017cywali najbardziej nielubianego s\u0142owa. Wyra\u017cenie konkubent\/konkubina pod wzgl\u0119dem popularno\u015bci w mediach uplasowa\u0142o si\u0119 na 6. miejscu. Na jego temat w ubieg\u0142ym ukaza\u0142o si\u0119 prawie 11 tys. wzmianek.<\/p>\n<p style=\"text-align: center;\"><img fetchpriority=\"high\" decoding=\"async\" class=\"alignnone size-full wp-image-166763\" src=\"https:\/\/mediarun.com\/wp-content\/uploads\/2016\/03\/wykres_1_-_slowa_ktore_chcemy_zapomniec.png\" alt=\"wykres_1_-_slowa_ktore_chcemy_zapomniec\" width=\"509\" height=\"410\" title=\"\"><\/p>\n<p style=\"text-align: left;\">Prof. W\u0142odzimierz Gruszczy\u0144ski z Uniwersytetu SWPS w Warszawie w wypowiedzi dla Newsweek.pl t\u0142umaczy:<\/p>\n<blockquote>\n<p style=\"text-align: left;\">Odk\u0105d pami\u0119tam, \u201ekonkubent\u201d pojawia\u0142 si\u0119 w mediach w materia\u0142ach dotycz\u0105cych ludzi z marginesu.\u00a0Konkubent zabi\u0142 dziecko, pijana konkubina pobi\u0142a swojego konkubenta. Z kolei o ludziach, kt\u00f3rych nie \u0142\u0105czy patologiczna relacja, powiemy \u201epartnerzy\u201d. Raczej nie us\u0142yszymy w doniesieniach prasowych, \u017ce znakomita pisarka na rozdaniu nagr\u00f3d pojawi\u0142a si\u0119 ze swoim konkubentem.<\/p>\n<\/blockquote>\n<p>Na pierwszych stronach gazet najcz\u0119\u015bciej dziennikarze pos\u0142ugiwali si\u0119 wyrazami event (301 wzmianek), konkubina\/konkubent (245), szoping\/szopping (130), selfie (117) i briefing (96).<\/p>\n<p>Wyra\u017cenia, kt\u00f3re Polacy najch\u0119tniej wyrzuciliby z j\u0119zyka ojczystego, pojawia\u0142y si\u0119 przede wszystkim w mediach og\u00f3lnopolskich \u2013 72 proc. przekazu. W \u017ar\u00f3d\u0142ach o zasi\u0119gu regionalnym cz\u0119\u015bciej mo\u017cna by\u0142o znale\u017a\u0107 wyrazy konkubina\/konkubent, psycholo\u017cka, pieni\u0105\u017cki, tacierzy\u0144ski czy pla\u017cing.<\/p>\n<p style=\"text-align: center;\"><img decoding=\"async\" class=\"alignnone size-full wp-image-166764\" src=\"https:\/\/mediarun.com\/wp-content\/uploads\/2016\/03\/aa.png\" alt=\"aa\" width=\"573\" height=\"416\" title=\"\"><\/p>\n<p>W ubieg\u0142ym roku internauci w social media u\u017cyli nielubianych wyraz\u00f3w a\u017c w 13 mln post\u00f3w i komentarzy, kt\u00f3re wygra\u0142y w plebiscycie &#8222;S\u0142owa, kt\u00f3re chcemy zapomnie\u0107&#8221;. Niekt\u00f3re z nich pojawia\u0142y si\u0119 w kilkudziesi\u0119ciu wpisach dziennie. Analizowane s\u0142owa najcz\u0119\u015bciej obecne by\u0142y na Instagramie (60 proc.), a nast\u0119pnie na Facebooku (63 proc.).<\/p>\n<p>Zestawienie medi\u00f3w spo\u0142eczno\u015bciowych ca\u0142kowicie zdominowa\u0142a fraza selfie, kt\u00f3ra kr\u00f3lowa\u0142a na Instagramie. W 2015 r. Polacy wzmiankowali j\u0105 w prawie 10 mln informacji. Do najpopularniejszych s\u0142\u00f3w zalicza\u0142y si\u0119 tak\u017ce event i pieni\u0105\u017cki. W TOP 5 znalaz\u0142y si\u0119 te\u017c wyrazy hejt i focia. Na forach cz\u0119sto poruszana by\u0142a tematyka tacierzy\u0144skiego.<\/p>\n<p style=\"text-align: center;\"><img decoding=\"async\" class=\"alignnone size-full wp-image-166765\" src=\"https:\/\/mediarun.com\/wp-content\/uploads\/2016\/03\/bb.png\" alt=\"bb\" width=\"968\" height=\"374\" title=\"\"><\/p>\n<p style=\"text-align: left;\">Konkurs &#8222;S\u0142owa, kt\u00f3re chcemy zapomnie\u0107&#8221; zorganizowa\u0142a Biblioteka \u015al\u0105ska w Katowicach w zwi\u0105zku z ustanowionym przez UNESCO Mi\u0119dzynarodowym Dniem J\u0119zyka Ojczystego. Akcja spotka\u0142a si\u0119 z ogromnym zainteresowaniem. W plebiscycie zosta\u0142o oddanych w sumie 4 tysi\u0105ce g\u0142os\u00f3w.<\/p>\n<p>&nbsp;<\/p>\n","protected":false},"excerpt":{"rendered":"Przeczytaj raport o frazach i s\u0142owach najmniej lubianych \u2013 wynika z plebiscytu &#8222;S\u0142owa, kt\u00f3re chcemy zapomnie\u0107&#8221;.","protected":false},"author":23,"featured_media":166767,"comment_status":"open","ping_status":"closed","sticky":false,"template":"","format":"standard","meta":{"csco_display_header_overlay":false,"csco_singular_sidebar":"","csco_page_header_type":"","csco_page_load_nextpost":"","csco_post_video_location":[],"csco_post_video_location_hash":"","csco_post_video_url":"","csco_post_video_bg_start_time":0,"csco_post_video_bg_end_time":0,"footnotes":""},"categories":[9662],"tags":[3166,10029,10030],"class_list":{"0":"post-166762","1":"post","2":"type-post","3":"status-publish","4":"format-standard","5":"has-post-thumbnail","7":"category-badania","8":"tag-badania-2","9":"tag-slowa","10":"tag-slowa-nielubiane","11":"cs-entry","12":"cs-video-wrap"},"_links":{"self":[{"href":"https:\/\/mediarun.com\/pl\/wp-json\/wp\/v2\/posts\/166762","targetHints":{"allow":["GET"]}}],"collection":[{"href":"https:\/\/mediarun.com\/pl\/wp-json\/wp\/v2\/posts"}],"about":[{"href":"https:\/\/mediarun.com\/pl\/wp-json\/wp\/v2\/types\/post"}],"author":[{"embeddable":true,"href":"https:\/\/mediarun.com\/pl\/wp-json\/wp\/v2\/users\/23"}],"replies":[{"embeddable":true,"href":"https:\/\/mediarun.com\/pl\/wp-json\/wp\/v2\/comments?post=166762"}],"version-history":[{"count":0,"href":"https:\/\/mediarun.com\/pl\/wp-json\/wp\/v2\/posts\/166762\/revisions"}],"wp:featuredmedia":[{"embeddable":true,"href":"https:\/\/mediarun.com\/pl\/wp-json\/wp\/v2\/media\/166767"}],"wp:attachment":[{"href":"https:\/\/mediarun.com\/pl\/wp-json\/wp\/v2\/media?parent=166762"}],"wp:term":[{"taxonomy":"category","embeddable":true,"href":"https:\/\/mediarun.com\/pl\/wp-json\/wp\/v2\/categories?post=166762"},{"taxonomy":"post_tag","embeddable":true,"href":"https:\/\/mediarun.com\/pl\/wp-json\/wp\/v2\/tags?post=166762"}],"curies":[{"name":"wp","href":"https:\/\/api.w.org\/{rel}","templated":true}]}}