{"id":166741,"date":"2016-03-17T15:29:34","date_gmt":"2016-03-17T14:29:34","guid":{"rendered":"https:\/\/mediarun.com\/pl\/?p=166741"},"modified":"2016-03-17T15:29:34","modified_gmt":"2016-03-17T14:29:34","slug":"znani-pisarze-kampaniaczytam-legalnie-a","status":"publish","type":"post","link":"https:\/\/mediarun.com\/pl\/digital\/znani-pisarze-kampaniaczytam-legalnie-a.html","title":{"rendered":"Znani pisarze i kampania\u201eCzytam legalnie, a Ty?&#8221;"},"content":{"rendered":"<p><strong>Pod has\u0142em \u201eCzytam legalnie, a Ty?&#8221; ruszy\u0142a kampania edukacyjna zach\u0119caj\u0105ca do legalnego czytania ebook\u00f3w oraz podejmuj\u0105ca temat walki ze zjawiskiem e-piractwa w Polsce.<\/strong><\/p>\n<p>Znani autorzy i dziennikarze m.in. Anna Dziewit &#8211; Meller, Katarzyna Bonda czy Mariusz Szczygie\u0142 b\u0119d\u0105 promowa\u0107 ide\u0119 akcji i zach\u0119ca\u0107 do og\u00f3lnej dyskusji na tematy zwi\u0105zane z e-piractwem. Kampania realizowana pod has\u0142em \u201eCzytam legalnie, a Ty?&#8221; przygotowana przez Virtualo i partner\u00f3w b\u0119dzie prowadzona przede wszystkim w mediach spo\u0142eczno\u015bciowych oraz blogosferze. Ma ona na celu zwr\u00f3cenie uwagi na problem pobierania ebook\u00f3w z nielegalnych \u017ar\u00f3de\u0142 oraz edukacj\u0119 Internaut\u00f3w.<\/p>\n<p>W ramach akcji zosta\u0142a udost\u0119pniona specjalna strona, pod adresem: http:\/\/virtualo.pl\/legalne_ebooki, na kt\u00f3rej znajd\u0105 si\u0119 najwa\u017cniejsze informacje dotycz\u0105ce legalnego u\u017cytkowania ebook\u00f3w, zobrazowane nowoczesnymi materia\u0142ami infograficznymi oraz filmem z przeprowadzonej 14 marca br. debaty online \u201ePiractwo ebook\u00f3w w Polsce&#8221;.<\/p>\n<p>Co tydzie\u0144 w mediach spo\u0142eczno\u015bciowych b\u0119dzie udost\u0119pniane u\u017cytkownikom jedno tematyczne wyzwanie, maj\u0105ce zach\u0119ci\u0107 do prezentowania swoich zdj\u0119\u0107 przedstawiaj\u0105cych jak czytamy legalnie w r\u00f3\u017cnych sytuacjach, opisane odpowiednimi hashtagami. Na tej podstawie powstanie lista tag\u00f3w i zdj\u0119\u0107 promuj\u0105cych legalne czytanie. Co tydzie\u0144 autor najlepszego zdj\u0119cia otrzyma czytnik PocketBook Touch Lux.<\/p>\n<p>Do udzia\u0142u w akcji \u201eCzytam legalnie, a Ty?&#8221; zosta\u0142o r\u00f3wnie\u017c zaproszone \u015brodowisko blogosfery. Zaanga\u017cowani blogerzy, kt\u00f3rzy podejm\u0105 wyzwanie i przygotuj\u0105 w\u0142asny filmik lub wpis zach\u0119caj\u0105cy do walki z piractwem, nominuj\u0105 r\u00f3wnie\u017c kolejne osoby do wykonania tego samego zadania. W ten spos\u00f3b b\u0119d\u0105 zach\u0119cali Internaut\u00f3w do dyskusji na temat legalnego czytania ebook\u00f3w.<\/p>\n<p>Akcj\u0119 promuj\u0105c\u0105 legalne czytanie otworzy\u0142a debata online zorganizowana 14 marca br. zatytu\u0142owana \u201ePiractwo ebook\u00f3w w Polsce. Czy da si\u0119 skutecznie walczy\u0107 z rosn\u0105c\u0105 plag\u0105?&#8221;, w kt\u00f3rej uczestniczyli przedstawiciele r\u00f3\u017cnych \u015brodowisk \u2013 autorzy, wydawcy i dystrybutorzy. Podczas debaty zosta\u0142y poruszone zagadnienia walki ze zjawiskiem e-piractwa, pomys\u0142\u00f3w na rozwi\u0105zanie problemu oraz ju\u017c podejmowanych dzia\u0142a\u0144, a tak\u017ce zagadnienie czy w Polsce mamy przyzwolenie spo\u0142eczne na piractwo. Debat\u0119 poprowadzi\u0142a dziennikarka i pisarka Anna Dziewit-Meller, kt\u00f3rej go\u015b\u0107mi byli: Kinga Jakubowska, kulturoznawca i prezes Fundacji Legalna Kultura, Jaros\u0142aw Lipszyc, z porozumienia Fundament, Wojciech Orli\u0144ski, aktywny dziennikarz, pisarz i publicysta oraz Robert Rybski, prezes firmy Virtualo \u2013 dystrybutora ebook\u00f3w.<\/p>\n<p>Z bada\u0144 przeprowadzonych przez Virtualo i Instytut Nauk Ekonomicznych Grape UW wynika, \u017ce nawet 50% e-czytelnik\u00f3w mo\u017ce pozyskiwa\u0107 ebooki z nielegalnych \u017ar\u00f3de\u0142. Dlatego Virtualo wraz z partnerami zdecydowa\u0142o si\u0119 poprowadzi\u0107 kampani\u0119 edukacyjn\u0105, kt\u00f3ra u\u015bwiadomi eczytelnikom co mo\u017cna zrobi\u0107 z zakupionym ebookiem, aby nie \u0142ama\u0107 prawa. Piractwa ebook\u00f3w nie da si\u0119 wyeliminowa\u0107, ale mo\u017cna pr\u00f3bowa\u0107 zmniejszy\u0107 jego skal\u0119 poprzez systemowe dzia\u0142ania, polegaj\u0105ce z jednej strony na edukacji, a z drugiej strony na egzekwowaniu prawa. Obecnie edukacja na temat poszanowania praw autorskich w zasadzie nie istnieje, st\u0105d pomys\u0142 Virtualo i partner\u00f3w, aby pod has\u0142em \u201eCzytam legalnie, a Ty?&#8221; poprowadzi\u0107 og\u00f3lnopolsk\u0105 kampani\u0119 edukacyjn\u0105 i zach\u0119ci\u0107 wszystkich do podj\u0119cia tematu piractwa ebook\u00f3w.<\/p>\n<p>&nbsp;<\/p>\n","protected":false},"excerpt":{"rendered":"Pod has\u0142em \u201eCzytam legalnie, a Ty?&#8221; ruszy\u0142a kampania edukacyjna zach\u0119caj\u0105ca do legalnego czytania ebook\u00f3w oraz podejmuj\u0105ca temat walki ze zjawiskiem e-piractwa w Polsce.","protected":false},"author":23,"featured_media":166742,"comment_status":"open","ping_status":"closed","sticky":false,"template":"","format":"standard","meta":{"csco_display_header_overlay":false,"csco_singular_sidebar":"","csco_page_header_type":"","csco_page_load_nextpost":"","csco_post_video_location":[],"csco_post_video_location_hash":"","csco_post_video_url":"","csco_post_video_bg_start_time":0,"csco_post_video_bg_end_time":0,"footnotes":""},"categories":[4630],"tags":[10024,10023,600,10025,10026],"class_list":{"0":"post-166741","1":"post","2":"type-post","3":"status-publish","4":"format-standard","5":"has-post-thumbnail","7":"category-digital","8":"tag-anna-dziewit-meller","9":"tag-czytam-legalnie","10":"tag-kampania-spoleczna","11":"tag-katarzyna-bonda","12":"tag-mariusz-szczygiel","13":"cs-entry","14":"cs-video-wrap"},"_links":{"self":[{"href":"https:\/\/mediarun.com\/pl\/wp-json\/wp\/v2\/posts\/166741","targetHints":{"allow":["GET"]}}],"collection":[{"href":"https:\/\/mediarun.com\/pl\/wp-json\/wp\/v2\/posts"}],"about":[{"href":"https:\/\/mediarun.com\/pl\/wp-json\/wp\/v2\/types\/post"}],"author":[{"embeddable":true,"href":"https:\/\/mediarun.com\/pl\/wp-json\/wp\/v2\/users\/23"}],"replies":[{"embeddable":true,"href":"https:\/\/mediarun.com\/pl\/wp-json\/wp\/v2\/comments?post=166741"}],"version-history":[{"count":0,"href":"https:\/\/mediarun.com\/pl\/wp-json\/wp\/v2\/posts\/166741\/revisions"}],"wp:featuredmedia":[{"embeddable":true,"href":"https:\/\/mediarun.com\/pl\/wp-json\/wp\/v2\/media\/166742"}],"wp:attachment":[{"href":"https:\/\/mediarun.com\/pl\/wp-json\/wp\/v2\/media?parent=166741"}],"wp:term":[{"taxonomy":"category","embeddable":true,"href":"https:\/\/mediarun.com\/pl\/wp-json\/wp\/v2\/categories?post=166741"},{"taxonomy":"post_tag","embeddable":true,"href":"https:\/\/mediarun.com\/pl\/wp-json\/wp\/v2\/tags?post=166741"}],"curies":[{"name":"wp","href":"https:\/\/api.w.org\/{rel}","templated":true}]}}