{"id":16665,"date":"2011-05-06T12:48:29","date_gmt":"2011-05-06T10:48:29","guid":{"rendered":"https:\/\/mediarun.com\/index.php\/louis-de-funes-zagosci-w-tv-puls\/"},"modified":"2011-05-06T12:48:29","modified_gmt":"2011-05-06T10:48:29","slug":"louis-de-funes-zagosci-w-tv-puls","status":"publish","type":"post","link":"https:\/\/mediarun.com\/pl\/marketing\/louis-de-funes-zagosci-w-tv-puls.html","title":{"rendered":"Louis de Funes zago\u015bci w TV Puls"},"content":{"rendered":"<p><a href=\"http:\/\/dlafirm.mediarun.pl\/katalog\/firma\/tv-puls---telewizja-familijna,2835,1.html\" target=\"_blank\" rel=\"noopener\">TV Puls<\/a> rozpoczyna emisj\u0119 cyklu film&oacute;w z Louisem de Funesem. Komedie emitowane b\u0119d\u0119 w maju i czerwcu w niedzielne popo\u0142udnia ok. godz. 16.30.<\/p>\n<p>W najbli\u017csz\u0105 niedziel\u0119, 8 maja o godz. 16.35, TV Puls zaprezentuje film &#8222;Cz\u0142owiek orkiestra&#8221; (L&#8217;homme orchestre) o despotycznym nauczycielu ta\u0144ca.<\/p>\n<p>W kolejny weekend stacja wyemituje komedi\u0119 &#8222;S\u0142awna restauracja&#8221; (Le grand restaurant), w kt&oacute;rej w\u0142a\u015bciciel s\u0142ynnej restauracji zostanie niechc\u0105cy wpl\u0105tany w porwanie wa\u017cnego polityka. Emisja 15 maja o godz. 16.35.<\/p>\n<p>22 maja o godz. 16.30 widzowie zobacz\u0105 niezwykle popularnego &#8222;Hibernatusa&#8221;, prezentuj\u0105cego przygody m\u0119\u017cczyzny, odmro\u017conego po sp\u0119dzeniu 65 lat w stanie hibernacji.<\/p>\n<p>W ostatni\u0105 niedziel\u0119 maja TV Puls wyemituje &#8222;Karambole&#8221; (Carambolages) o zdeterminowanym, by otrzyma\u0107 podwy\u017ck\u0119 i awans pracowniku firmy turystycznej. Emisja 29 maja o godz. 15.55.<\/p>\n<p>Ponadto w czerwcu widzowie TV Puls zobacz\u0105 seri\u0119 kultowych komedii o po\u015bcigach inspektora Juve za tajemniczym przest\u0119pc\u0105 Fantomasem. Filmy &#8222;Fantomas&#8221;, &#8222;Fantomas powraca&#8221; oraz &#8222;Fantomas kontra Scotland Yard&#8221; b\u0119dzie mo\u017cna ogl\u0105da\u0107 w czerwcowe niedziele o godz. 16.30.<\/p>\n","protected":false},"excerpt":{"rendered":"Od 8 maja w ka\u017cd\u0105 niedziel\u0119 w TV Puls b\u0119dzie mo\u017cna ogl\u0105da\u0107 filmy z mistrzem komedii &#8211; Louisem de Funesem.","protected":false},"author":1,"featured_media":16666,"comment_status":"open","ping_status":"closed","sticky":false,"template":"","format":"standard","meta":{"csco_display_header_overlay":false,"csco_singular_sidebar":"","csco_page_header_type":"","csco_page_load_nextpost":"","csco_post_video_location":[],"csco_post_video_location_hash":"","csco_post_video_url":"","csco_post_video_bg_start_time":0,"csco_post_video_bg_end_time":0,"footnotes":""},"categories":[],"tags":[461],"class_list":{"0":"post-16665","1":"post","2":"type-post","3":"status-publish","4":"format-standard","5":"has-post-thumbnail","7":"tag-tv-puls","8":"cs-entry","9":"cs-video-wrap"},"_links":{"self":[{"href":"https:\/\/mediarun.com\/pl\/wp-json\/wp\/v2\/posts\/16665","targetHints":{"allow":["GET"]}}],"collection":[{"href":"https:\/\/mediarun.com\/pl\/wp-json\/wp\/v2\/posts"}],"about":[{"href":"https:\/\/mediarun.com\/pl\/wp-json\/wp\/v2\/types\/post"}],"author":[{"embeddable":true,"href":"https:\/\/mediarun.com\/pl\/wp-json\/wp\/v2\/users\/1"}],"replies":[{"embeddable":true,"href":"https:\/\/mediarun.com\/pl\/wp-json\/wp\/v2\/comments?post=16665"}],"version-history":[{"count":0,"href":"https:\/\/mediarun.com\/pl\/wp-json\/wp\/v2\/posts\/16665\/revisions"}],"wp:featuredmedia":[{"embeddable":true,"href":"https:\/\/mediarun.com\/pl\/wp-json\/wp\/v2\/media\/16666"}],"wp:attachment":[{"href":"https:\/\/mediarun.com\/pl\/wp-json\/wp\/v2\/media?parent=16665"}],"wp:term":[{"taxonomy":"category","embeddable":true,"href":"https:\/\/mediarun.com\/pl\/wp-json\/wp\/v2\/categories?post=16665"},{"taxonomy":"post_tag","embeddable":true,"href":"https:\/\/mediarun.com\/pl\/wp-json\/wp\/v2\/tags?post=16665"}],"curies":[{"name":"wp","href":"https:\/\/api.w.org\/{rel}","templated":true}]}}