{"id":166332,"date":"2016-03-07T09:11:04","date_gmt":"2016-03-07T08:11:04","guid":{"rendered":"https:\/\/mediarun.com\/pl\/?p=166332"},"modified":"2016-03-07T09:11:04","modified_gmt":"2016-03-07T08:11:04","slug":"plebiscyt-superbohaterka-wysokich-obcasow","status":"publish","type":"post","link":"https:\/\/mediarun.com\/pl\/wydarzenia\/konkursy\/plebiscyt-superbohaterka-wysokich-obcasow.html","title":{"rendered":"Plebiscyt Superbohaterka \u201eWysokich Obcas\u00f3w&#8221;"},"content":{"rendered":"<p><strong>Z okazji 17. urodzin \u201eWysokich Obcas\u00f3w&#8221;, kt\u00f3re przypadaj\u0105 w kwietniu br., tygodnik organizuje plebiscyt na Superbohaterk\u0119 \u201eWysokich Obcas\u00f3w&#8221;. Kapitu\u0142a plebiscytu oraz czytelniczki wybior\u0105 osob\u0119, kt\u00f3ra najbardziej poruszy\u0142a ich wyobra\u017ani\u0119 w minionym roku. Laureatk\u0119 poznamy 4 kwietnia 2016 r.<\/strong><\/p>\n<p>Superbohaterka \u201eWysokich Obcas\u00f3w&#8221; to pierwsza edycja plebiscytu tygodnika. Wyb\u00f3r laureatki i wr\u0119czenie nagrody ma by\u0107 \u015bwi\u0119tem kobiet, kt\u00f3re redakcja chce obchodzi\u0107 wraz z bohaterkami tekst\u00f3w oraz czytelnikami.<\/p>\n<p>Paulina Reiter, redaktor naczelna \u201eWysokich Obcas\u00f3w&#8221;, dodaje:<\/p>\n<blockquote><p>\u201eWysokie Obcasy&#8221; od pocz\u0105tku swojego istnienia stawia\u0142y na opisywanie prawdziwych bohaterek: tych s\u0142awnych, kt\u00f3re zmieni\u0142y \u015bwiat, cho\u0107 s\u0142awa nie by\u0142a ich priorytetem, tych zapomnianych, kt\u00f3re gdzie\u015b zagin\u0119\u0142y na kartach historii, lub kt\u00f3rych s\u0142aw\u0119 przypisali sobie koledzy, oraz tych zupe\u0142nie nieznanych &#8211; bohaterek \u017cycia codziennego &#8211; kt\u00f3re walcz\u0105 o godne \u017cycie, o sprawiedliwo\u015b\u0107, o tolerancj\u0119.<\/p><\/blockquote>\n<p>Joanna Mosiej-Sitek, kt\u00f3ra od stycznia br. jest wydawc\u0105 tygodnika, komentuje:<\/p>\n<blockquote><p>Bohaterki \u201eWysokich Obcas\u00f3w&#8221;\u00a0to aktywne, m\u0105dre i ciekawe osoby. Ich \u017cycie inspiruje, a autentyzm wzrusza naszych czytelnik\u00f3w. Nie godz\u0105 si\u0119 na zastan\u0105 rzeczywisto\u015b\u0107 &#8211; walcz\u0105, pomagaj\u0105, wspieraj\u0105 innych. Nagradzaj\u0105c je, chcemy nagrodzi\u0107 warto\u015bci, kt\u00f3re wyznaj\u0105 i kt\u00f3re my podzielamy.<\/p><\/blockquote>\n<p>W plebiscycie nominowanych jest 16 kobiet, o kt\u00f3rych \u201eWysokie Obcasy&#8221; pisa\u0142y w 2015 roku. Superbohaterk\u0119 wybior\u0105 spo\u015br\u00f3d nich kapitu\u0142a oraz czytelnicy, kt\u00f3rzy b\u0119d\u0105 mogli g\u0142osowa\u0107 w internecie na stronie <a href=\"http:\/\/www.wysokieobcasy.pl\/superbohaterka\" target=\"_blank\" rel=\"noopener\">www.wysokieobcasy.pl\/superbohaterka<\/a>. W sk\u0142ad kapitu\u0142y\u00a0wchodz\u0105\u00a0m.in. redaktor naczelna Paulina Reiter, aktorka Ewa B\u0142aszczyk, pisarka Sylwia Chutnik, dziennikarka Dorota Warakomska, szefowa serwisu Wysokieobcasy.pl Zuzanna Ziomecka oraz re\u017cyser Borys Lankosz.<\/p>\n<p>Swoj\u0105 nagrod\u0119 przyzna r\u00f3wnie\u017c G\u0142\u00f3wny Partner Plebiscytu \u2013 firma W.KRUK. G\u0142osowanie rozpocznie si\u0119 ju\u017c dzi\u015b, w pi\u0105tek, 4 marca br. i potrwa do wtorku, 22 marca br.\u00a0Jutro w wydaniu papierowym \u201eWysokich Obcas\u00f3w&#8221; redakcja przybli\u017cy wszystkie nominowane bohaterki oraz zach\u0119ci do g\u0142osowania w plebiscycie na stronie <a href=\"http:\/\/www.wysokieobcasy.pl\/superbohaterka\" target=\"_blank\" rel=\"noopener\">www.wysokieobcasy.pl\/superbohaterka<\/a>.<\/p>\n<p>Tytu\u0142 Superbohaterki \u201eWysokich Obcas\u00f3w&#8221; zostanie wr\u0119czony podczas uroczystej gali w poniedzia\u0142ek, 4 kwietnia br. w Teatrze Studio w Warszawie, kt\u00f3r\u0105 poprowadz\u0105 Dorota Wellmann i Marcin Prokop. Wydarzenie b\u0119dzie okazj\u0105 do spotkania si\u0119 z bohaterkami tekst\u00f3w, felietonistami i autorami tekst\u00f3w tygodnika. Czytelnicy \u201eWysokich Obcas\u00f3w&#8221; b\u0119d\u0105 mogli wygra\u0107 zaproszenie na gal\u0119 \u2013 spo\u015br\u00f3d uzasadnie\u0144 napisanych przez g\u0142osuj\u0105cych podw\u00f3jnymi wej\u015bci\u00f3wkami zostanie nagrodzonych 10 najciekawszych wypowiedzi.<\/p>\n<p>Plebiscyt Superbohaterka \u201eWysokich Obcas\u00f3w&#8221; jest promowany w stacjach telewizyjnych (TVP, TVN i stacje tematyczne), w internecie (serwisy Wyborcza.pl, ipla.tv, player.pl), w prasie (\u201eGazeta Wyborcza&#8221; i jej dodatki, \u201eMetrocafe.pl&#8221;) oraz na no\u015bnikach reklamy zewn\u0119trznej (CityINFOtv). Kreacj\u0119 kampanii przygotowa\u0142a agencja Bardzo, za zakup medi\u00f3w odpowiada\u0142 Starlink.<\/p>\n<p>&nbsp;<\/p>\n","protected":false},"excerpt":{"rendered":"Z okazji 17. urodzin \u201eWysokich Obcas\u00f3w&#8221;, kt\u00f3re przypadaj\u0105 w kwietniu br., tygodnik organizuje plebiscyt na Superbohaterk\u0119 \u201eWysokich Obcas\u00f3w&#8221;. Kapitu\u0142a plebiscytu oraz czytelniczki wybior\u0105 osob\u0119, kt\u00f3ra najbardziej poruszy\u0142a ich wyobra\u017ani\u0119 w minionym roku. Laureatk\u0119 poznamy 4 kwietnia 2016 r.","protected":false},"author":23,"featured_media":166335,"comment_status":"open","ping_status":"closed","sticky":false,"template":"","format":"standard","meta":{"csco_display_header_overlay":false,"csco_singular_sidebar":"","csco_page_header_type":"","csco_page_load_nextpost":"","csco_post_video_location":[],"csco_post_video_location_hash":"","csco_post_video_url":"","csco_post_video_bg_start_time":0,"csco_post_video_bg_end_time":0,"footnotes":""},"categories":[4640],"tags":[202,9876,766],"class_list":{"0":"post-166332","1":"post","2":"type-post","3":"status-publish","4":"format-standard","5":"has-post-thumbnail","7":"category-konkursy","8":"tag-gazeta-wyborcza","9":"tag-superbohaterka","10":"tag-wysokie-obcasy","11":"cs-entry","12":"cs-video-wrap"},"_links":{"self":[{"href":"https:\/\/mediarun.com\/pl\/wp-json\/wp\/v2\/posts\/166332","targetHints":{"allow":["GET"]}}],"collection":[{"href":"https:\/\/mediarun.com\/pl\/wp-json\/wp\/v2\/posts"}],"about":[{"href":"https:\/\/mediarun.com\/pl\/wp-json\/wp\/v2\/types\/post"}],"author":[{"embeddable":true,"href":"https:\/\/mediarun.com\/pl\/wp-json\/wp\/v2\/users\/23"}],"replies":[{"embeddable":true,"href":"https:\/\/mediarun.com\/pl\/wp-json\/wp\/v2\/comments?post=166332"}],"version-history":[{"count":0,"href":"https:\/\/mediarun.com\/pl\/wp-json\/wp\/v2\/posts\/166332\/revisions"}],"wp:featuredmedia":[{"embeddable":true,"href":"https:\/\/mediarun.com\/pl\/wp-json\/wp\/v2\/media\/166335"}],"wp:attachment":[{"href":"https:\/\/mediarun.com\/pl\/wp-json\/wp\/v2\/media?parent=166332"}],"wp:term":[{"taxonomy":"category","embeddable":true,"href":"https:\/\/mediarun.com\/pl\/wp-json\/wp\/v2\/categories?post=166332"},{"taxonomy":"post_tag","embeddable":true,"href":"https:\/\/mediarun.com\/pl\/wp-json\/wp\/v2\/tags?post=166332"}],"curies":[{"name":"wp","href":"https:\/\/api.w.org\/{rel}","templated":true}]}}