{"id":166328,"date":"2016-03-07T09:01:12","date_gmt":"2016-03-07T08:01:12","guid":{"rendered":"https:\/\/mediarun.com\/pl\/?p=166328"},"modified":"2016-03-07T09:01:12","modified_gmt":"2016-03-07T08:01:12","slug":"globalna-kampania-saatchi-saatchi-poland","status":"publish","type":"post","link":"https:\/\/mediarun.com\/pl\/marketing\/globalna-kampania-saatchi-saatchi-poland.html","title":{"rendered":"Globalna kampania Saatchi &amp; Saatchi Poland (Video)"},"content":{"rendered":"<p><strong>Wzruszaj\u0105ca historia Polki, finalistki w mi\u0119dzynarodowej inicjatywie Toyota Dream Car w globalnej kampanii dla tej marki zrealizowanej przez Saatchi &amp; Saatchi Poland.<\/strong><\/p>\n<p>Saatchi &amp; Saatchi Poland razem z Toyota Motor Corporation Japan i Toyota Motor Europe w kolejnej globalnej ods\u0142onie konkursu Toyoty: TOYOTA DREAM CAR ART CONTEST. Toyota wierzy w ide\u0119, kt\u00f3ra jest podstaw\u0119 inicjatywy: \u201eKa\u017cdy wspania\u0142y pomys\u0142 zaczyna si\u0119 od marzenia\u201d. Marka od lat inspiruje kolejne pokolenia m\u0142odych utalentowanych tw\u00f3rc\u00f3w: artyst\u00f3w, designer\u00f3w, wynalazc\u00f3w i opowiada historie marzycieli, kt\u00f3rzy maj\u0105 odwag\u0119 kreowa\u0107 niezwyk\u0142e koncepcje.<\/p>\n<p>Toyota organizuje na \u015bwiecie mi\u0119dzynarodowy dzieci\u0119cy konkurs Toyota Dream Car od 2004 roku. Zach\u0119ca w ten spos\u00f3b dzieci z ca\u0142ego \u015bwiata do dzielenia si\u0119 swoimi pomys\u0142ami na pojazdy przysz\u0142o\u015bci. Polska uczestniczka konkursu &#8211; Ola startowa\u0142a w konkursie dwa razy. Za drugim razem, w 2012 roku uda\u0142o si\u0119 jej uzyska\u0107 tytu\u0142 finalistki konkursu. Spo\u015br\u00f3d 90 prac z ca\u0142ego \u015bwiata, jej projekt znalaz\u0142 si\u0119 w gronie 30 zwyci\u0119skich prac. Prac\u0105 na miano fina\u0142u okaza\u0142 si\u0119 koncept samochodu sterowanego my\u015blami, kt\u00f3ry w zamierzeniu mia\u0142 pomaga\u0107 osobom niepe\u0142nosprawnym.<\/p>\n<p>Saatchi &amp; Saatchi Poland wsp\u00f3lnie z Papaya Films stworzy\u0142o dla Toyoty 3 minutow\u0105 histori\u0119 &#8211; film dokumentalny opowiadaj\u0105cy histori\u0119 Polki, niezwyk\u0142ej uczestniczki konkursu. Kampania zosta\u0142a opublikowana globalnie, ma zainspirowa\u0107 i zach\u0119ci\u0107 inne dzieci do dzielenia si\u0119 swoimi marzeniami. Zaplanowane dzia\u0142ania promocyjne obejmuj\u0105 aktywno\u015bci w social mediach Facebooku, Twitterze oraz Youtube.<\/p>\n<p><iframe title=\"Toyota Dream Car\" width=\"1200\" height=\"675\" src=\"https:\/\/www.youtube.com\/embed\/xloo2OWpTH4?feature=oembed\" frameborder=\"0\" allow=\"accelerometer; autoplay; clipboard-write; encrypted-media; gyroscope; picture-in-picture; web-share\" referrerpolicy=\"strict-origin-when-cross-origin\" allowfullscreen><\/iframe><\/p>\n<p>Stephane Rydlewski z Toyota Motor Europe t\u0142umaczy:<\/p>\n<blockquote><p>To nie jest proste zadanie opowiedzie\u0107 w formie dokumentalnej histori\u0119 marzenia i jego autora. Najlepsze filmy dokumentalne balansuj\u0105 pomi\u0119dzy przedstawieniem fakt\u00f3w i rozrywk\u0105, aby dotrze\u0107 do wyobra\u017ani odbiorc\u00f3w. My\u015bl\u0119, \u017ce we wzruszaj\u0105cym materiale opowiadaj\u0105cym histori\u0119 Oli, tw\u00f3rcom z Saatchi &amp; Saatchi i Papaya Films uda\u0142o si\u0119 zbudowa\u0107 pe\u0142en obraz naszej inicjatywy a przede wszystkim uchwyci\u0107 emocje.<\/p><\/blockquote>\n<p>Bartosz Dombrowski, re\u017cyser filmu, dodaje:<\/p>\n<blockquote><p>Aby stworzy\u0107 tak emocjonalny i naturalny obraz trzeba si\u0119 dobrze przygotowa\u0107 . Od czego zacz\u0105\u0107? Musieli\u015bmy pozna\u0107 g\u0142\u0119biej histori\u0119 naszej bohaterki Oli. Dowiedzieli\u015bmy si\u0119 co dzieje si\u0119 w jej \u017cyciu, co j\u0105 smuci i co powoduje \u017ce si\u0119 \u015bmieje. Poznali\u015bmy jej przyjaci\u00f3\u0142 i rodzin\u0119, Ola pokaza\u0142a nam jej ulubione miejsca. Zbudowali\u015bmy t\u0119 histori\u0119 wok\u00f3\u0142 jej \u015bwiata, miejsc, kt\u00f3re \u201es\u0105 jej\u201d, w kt\u00f3rych czuje si\u0119 dobrze. To pozwoli\u0142o jej zapomnie\u0107 o obecno\u015bci kamery i wtedy pojawi\u0142y si\u0119 te prawdziwe emocje.<\/p><\/blockquote>\n<p>Kampania rusza globalnie 4 marca 2016.<\/p>\n<p>&nbsp;<\/p>\n","protected":false},"excerpt":{"rendered":"Wzruszaj\u0105ca historia Polki, finalistki w mi\u0119dzynarodowej inicjatywie Toyota Dream Car w globalnej kampanii dla tej marki zrealizowanej przez Saatchi &amp; Saatchi Poland.","protected":false},"author":23,"featured_media":166330,"comment_status":"open","ping_status":"closed","sticky":false,"template":"","format":"standard","meta":{"csco_display_header_overlay":false,"csco_singular_sidebar":"","csco_page_header_type":"","csco_page_load_nextpost":"","csco_post_video_location":[],"csco_post_video_location_hash":"","csco_post_video_url":"","csco_post_video_bg_start_time":0,"csco_post_video_bg_end_time":0,"footnotes":""},"categories":[9639],"tags":[7035,616,9875],"class_list":{"0":"post-166328","1":"post","2":"type-post","3":"status-publish","4":"format-standard","5":"has-post-thumbnail","7":"category-marketing","8":"tag-saatchi-saatchi-poland","9":"tag-toyota","10":"tag-toyota-dream-car","11":"cs-entry","12":"cs-video-wrap"},"_links":{"self":[{"href":"https:\/\/mediarun.com\/pl\/wp-json\/wp\/v2\/posts\/166328","targetHints":{"allow":["GET"]}}],"collection":[{"href":"https:\/\/mediarun.com\/pl\/wp-json\/wp\/v2\/posts"}],"about":[{"href":"https:\/\/mediarun.com\/pl\/wp-json\/wp\/v2\/types\/post"}],"author":[{"embeddable":true,"href":"https:\/\/mediarun.com\/pl\/wp-json\/wp\/v2\/users\/23"}],"replies":[{"embeddable":true,"href":"https:\/\/mediarun.com\/pl\/wp-json\/wp\/v2\/comments?post=166328"}],"version-history":[{"count":0,"href":"https:\/\/mediarun.com\/pl\/wp-json\/wp\/v2\/posts\/166328\/revisions"}],"wp:featuredmedia":[{"embeddable":true,"href":"https:\/\/mediarun.com\/pl\/wp-json\/wp\/v2\/media\/166330"}],"wp:attachment":[{"href":"https:\/\/mediarun.com\/pl\/wp-json\/wp\/v2\/media?parent=166328"}],"wp:term":[{"taxonomy":"category","embeddable":true,"href":"https:\/\/mediarun.com\/pl\/wp-json\/wp\/v2\/categories?post=166328"},{"taxonomy":"post_tag","embeddable":true,"href":"https:\/\/mediarun.com\/pl\/wp-json\/wp\/v2\/tags?post=166328"}],"curies":[{"name":"wp","href":"https:\/\/api.w.org\/{rel}","templated":true}]}}