{"id":166132,"date":"2017-01-04T13:00:29","date_gmt":"2017-01-04T12:00:29","guid":{"rendered":"https:\/\/mediarun.com\/pl\/?p=166132"},"modified":"2017-03-22T21:36:24","modified_gmt":"2017-03-22T20:36:24","slug":"idealne-cv-6-praktycznych-porad","status":"publish","type":"post","link":"https:\/\/mediarun.com\/pl\/marketing\/poradnik\/idealne-cv-6-praktycznych-porad.html","title":{"rendered":"Idealne CV? Oto 6 praktycznych porad"},"content":{"rendered":"<h3><strong>Przygotowanie dobrego CV, kt\u00f3re wyr\u00f3\u017cni si\u0119 na tle innych aplikacji jest pierwszym, lecz trudnym zadaniem w procesie poszukiwania zatrudnienia. Dlatego przed wys\u0142aniem swojego \u017cyciorysu, warto jest po\u015bwi\u0119ci\u0107 czas na dopracowanie szczeg\u00f3\u0142\u00f3w i dopasowanie tre\u015bci do konkretnej oferty pracy. Katarzyna P\u0105czkowska z Hays Poland wymienia 6 wskaz\u00f3wek dla os\u00f3b, kt\u00f3re przygotowuj\u0105 dokumenty aplikacyjne.<\/strong><\/h3>\n<p>Ka\u017cdego roku, firma rekrutacyjna Hays otrzymuje ponad 8 milion\u00f3w CV, a \u015brednia liczba aplikacji nap\u0142ywaj\u0105cych w odpowiedzi na ka\u017cde og\u0142oszenie wynosi 250. Dlatego niezmiernie wa\u017cnym jest, aby dokumenty aplikacyjne pozytywnie wyr\u00f3\u017cnia\u0142y si\u0119 na tle innych i to w\u0142a\u015bnie ten cel powinien mie\u0107 priorytet na etapie rozsy\u0142ania CV.<\/p>\n<h4>Oto 6 porad, kt\u00f3re podnios\u0105 jako\u015b\u0107 CV i zwi\u0119ksz\u0105 mo\u017cliwo\u015b\u0107 otrzymania zaproszenia na rozmow\u0119 kwalifikacyjn\u0105:<\/h4>\n<ol>\n<li>\n<h4><strong> Dodaj podsumowanie zawodowe<\/strong><\/h4>\n<\/li>\n<\/ol>\n<p>Zwi\u0119z\u0142e podsumowanie zawodowe, umieszczone zaraz pod danymi kontaktowymi, dostarcza potencjalnemu pracodawcy kluczowych informacji na temat najistotniejszych umiej\u0119tno\u015bci i ambicji kandydata.<\/p>\n<blockquote><p>\u2212 <em>Jest to sekcja w \u017cyciorysie, kt\u00f3ra najcz\u0119\u015bciej ju\u017c na etapie wst\u0119pnej selekcji, przyci\u0105ga wzrok os\u00f3b odpowiedzialnych za rekrutacj\u0119, dlatego warto zwi\u0119\u017ale opisa\u0107 w niej swoje najwi\u0119ksze osi\u0105gni\u0119cia \u2013 <\/em>twierdzi P\u0105czkowska.<\/p><\/blockquote>\n<ol start=\"2\">\n<li>\n<h4><strong>Dopasuj s\u0142ownictwo do oferty<\/strong><\/h4>\n<\/li>\n<\/ol>\n<p>Szans\u0119 na wzbudzenie zainteresowania rekrutera zwi\u0119ksza u\u017cycie w \u017cyciorysie przymiotnik\u00f3w, kt\u00f3re s\u0105 synonimami wyraz\u00f3w u\u017cytych w og\u0142oszeniu. Je\u015bli pracodawca na przyk\u0142ad poszukuje \u201erozwini\u0119tych umiej\u0119tno\u015bci zarz\u0105dzania zespo\u0142em\u201d, swoje kompetencje w tym zakresie nale\u017cy nadmieni\u0107 ju\u017c na pocz\u0105tku podsumowania zawodowego.<\/p>\n<ol start=\"3\">\n<li>\n<h4><strong>Unikaj bana\u0142\u00f3w<\/strong><\/h4>\n<\/li>\n<\/ol>\n<p>Nale\u017cy pami\u0119ta\u0107, \u017ce pracodawc\u00f3w przede wszystkim interesuj\u0105 konkretne przyk\u0142ady, potwierdzaj\u0105ce realne umiej\u0119tno\u015bci, a nie ma\u0142o znacz\u0105ca lista cech osobowo\u015bciowych.<\/p>\n<blockquote><p>\u2013 <em>Nie wystarczy napisa\u0107, \u017ce jest si\u0119 pracowitym i lojalnym pracownikiem, kt\u00f3ry potrafi pracowa\u0107 w grupie. Przedstaw w CV przyk\u0142ady ze swojej pracy zawodowej, kt\u00f3re potwierdz\u0105 te cechy.<\/em><\/p><\/blockquote>\n<ol start=\"4\">\n<li>\n<h4><strong>Opisz szczeg\u00f3\u0142y swoich sukces\u00f3w<\/strong><\/h4>\n<\/li>\n<\/ol>\n<p>Podobnie jest w przypadku indywidualnych osi\u0105gni\u0119\u0107 \u2013 najwi\u0119ksze wra\u017cenie robi\u0105 szczeg\u00f3\u0142y. Je\u015bli sukcesy zawodowe s\u0105 zilustrowane faktami i danymi liczbowymi, np. przychodem wygenerowanym dla firmy w danym roku lub szczeg\u00f3\u0142ami realizacji trudnego projektu, to aplikacja od razu zyskuje na atrakcyjno\u015bci. W ten spos\u00f3b kandydat udowadnia swoj\u0105 skuteczno\u015b\u0107 w pracy, ale r\u00f3wnie\u017c potwierdza, \u017ce do oferty pracy podchodzi bardzo powa\u017cnie.<\/p>\n<ol start=\"5\">\n<li>\n<h4><strong>Umie\u015b\u0107 siebie w centrum wydarze\u0144<\/strong><\/h4>\n<\/li>\n<\/ol>\n<p>Pami\u0119taj, \u017ceby podkre\u015bli\u0107 w CV swoj\u0105 proaktywn\u0105 postaw\u0119. Sformu\u0142owania typu \u201cby\u0142am zaanga\u017cowana w projekt\u201d lub \u201cwspomaga\u0142em zesp\u00f3\u0142\u201d sugeruj\u0105, \u017ce kandydat by\u0142 kim\u015b wi\u0119cej ni\u017c biernym obserwatorem wydarze\u0144 \u2013 by\u0142 aktywnym uczestnikiem lub nawet inicjatorem przedsi\u0119wzi\u0119\u0107.<\/p>\n<blockquote><p><em>\u2212<\/em><em> To zawsze zwraca uwag\u0119 os\u00f3b odpowiedzialnych za proces rekrutacyjny <\/em><em>\u2013<\/em> uwa\u017ca ekspertka Hays i jednocze\u015bnie zaznacza \u2013 <em>Absolutnie odradzam przypisywanie sobie w CV cudzych zas\u0142ug i umniejszanie roli wsp\u00f3\u0142pracownik\u00f3w. <\/em><\/p><\/blockquote>\n<ol start=\"6\">\n<li>\n<h4><strong> Popracuj nad czytelno\u015bci\u0105<\/strong><\/h4>\n<\/li>\n<\/ol>\n<p>Jedn\u0105 z najistotniejszych, lecz cz\u0119sto pomijanych kwestii, jest czytelno\u015b\u0107 i format CV. \u2013 <em>Zalecam wysy\u0142anie pliku PDF, kt\u00f3ry jest najbardziej niezawodnym formatem \u2013 ryzyko, \u017ce pracodawca nie b\u0119dzie m\u00f3g\u0142 go poprawnie wy\u015bwietli\u0107 jest wtedy minimalne. Istotne s\u0105 r\u00f3wnie\u017c czytelna czcionka oraz poprawne i aktualne dane kontaktowe <\/em><em>\u2013<\/em> twierdzi Katarzyna P\u0105czkowska.<\/p>\n<p>Z do\u015bwiadcze\u0144 ekspert\u00f3w Hays wynika, \u017ce dokumenty aplikacyjne, kt\u00f3re odznaczan\u0105 si\u0119 \u0142atwo\u015bci\u0105 dost\u0119pu, przejrzysto\u015bci\u0105 oraz zwi\u0119z\u0142o\u015bci\u0105 zawartych w nich informacji, s\u0105 najlepiej ocenianie. Warto wi\u0119c zbudowa\u0107 swoje CV na kilku kluczowych osi\u0105gni\u0119ciach, kt\u00f3re w spos\u00f3b bezpo\u015bredni nawi\u0105zuj\u0105 do kwestii poruszonych w og\u0142oszeniu \u2013 w ten spos\u00f3b zwi\u0119kszamy swoje szanse na przej\u015bcie do kolejnego etapu procesu rekrutacyjnego.<\/p>\n","protected":false},"excerpt":{"rendered":"6 porad m\u00f3wi\u0105cych o tym, jak stworzy\u0107 idealne CV, kt\u00f3re zaintryguje przysz\u0142ych pracodawc\u00f3w.","protected":false},"author":2,"featured_media":176828,"comment_status":"open","ping_status":"closed","sticky":false,"template":"","format":"standard","meta":{"csco_display_header_overlay":false,"csco_singular_sidebar":"","csco_page_header_type":"","csco_page_load_nextpost":"","csco_post_video_location":[],"csco_post_video_location_hash":"","csco_post_video_url":"","csco_post_video_bg_start_time":0,"csco_post_video_bg_end_time":0,"footnotes":""},"categories":[4657],"tags":[5967,9825,6291],"class_list":{"0":"post-166132","1":"post","2":"type-post","3":"status-publish","4":"format-standard","5":"has-post-thumbnail","7":"category-poradnik","8":"tag-cv","9":"tag-idealne-cv","10":"tag-porady","11":"cs-entry","12":"cs-video-wrap"},"_links":{"self":[{"href":"https:\/\/mediarun.com\/pl\/wp-json\/wp\/v2\/posts\/166132","targetHints":{"allow":["GET"]}}],"collection":[{"href":"https:\/\/mediarun.com\/pl\/wp-json\/wp\/v2\/posts"}],"about":[{"href":"https:\/\/mediarun.com\/pl\/wp-json\/wp\/v2\/types\/post"}],"author":[{"embeddable":true,"href":"https:\/\/mediarun.com\/pl\/wp-json\/wp\/v2\/users\/2"}],"replies":[{"embeddable":true,"href":"https:\/\/mediarun.com\/pl\/wp-json\/wp\/v2\/comments?post=166132"}],"version-history":[{"count":0,"href":"https:\/\/mediarun.com\/pl\/wp-json\/wp\/v2\/posts\/166132\/revisions"}],"wp:featuredmedia":[{"embeddable":true,"href":"https:\/\/mediarun.com\/pl\/wp-json\/wp\/v2\/media\/176828"}],"wp:attachment":[{"href":"https:\/\/mediarun.com\/pl\/wp-json\/wp\/v2\/media?parent=166132"}],"wp:term":[{"taxonomy":"category","embeddable":true,"href":"https:\/\/mediarun.com\/pl\/wp-json\/wp\/v2\/categories?post=166132"},{"taxonomy":"post_tag","embeddable":true,"href":"https:\/\/mediarun.com\/pl\/wp-json\/wp\/v2\/tags?post=166132"}],"curies":[{"name":"wp","href":"https:\/\/api.w.org\/{rel}","templated":true}]}}