{"id":166117,"date":"2016-02-29T12:21:49","date_gmt":"2016-02-29T11:21:49","guid":{"rendered":"https:\/\/mediarun.com\/pl\/?p=166117"},"modified":"2016-02-29T12:21:49","modified_gmt":"2016-02-29T11:21:49","slug":"nowy-ceo-media-impact-polska","status":"publish","type":"post","link":"https:\/\/mediarun.com\/pl\/ludzie\/nowy-ceo-media-impact-polska.html","title":{"rendered":"Nowy CEO Media Impact Polska"},"content":{"rendered":"<p><strong>Od 11 kwietnia 2016 Marcin Boroszko obejmie funkcj\u0119 Prezesa Zarz\u0105du (CEO) Media Impact Polska oraz Chief Sales Officer\u2019a Grupy Onet-RAS Polska.<\/strong><\/p>\n<p>Marcin Boroszko wejdzie r\u00f3wnie\u017c do Group Executive Board (GEB), gdzie zadba o dobr\u0105 wsp\u00f3\u0142prac\u0119 mi\u0119dzy MiP a pozosta\u0142ymi sp\u00f3\u0142kami z Grupy. W strukturach GEB s\u0105 dzi\u015b: Mark Dekan, CEO Grupy Onet-RAS Polska, Edyta Sadowska, CEO Ringier Axel Springer Polska, Aleksander Kutela, CEO Grupy Onet.pl, Grzegorz Kania, CFO Grupy Onet-RAS Polska oraz Jovan Protic, COO Grupy Onet-RAS Polska.<\/p>\n<p>Mark Dekan,\u00a0CEO of Ringier Axel Springer, dodaje:<\/p>\n<blockquote><p>Ciesz\u0119 si\u0119, \u017ce tak do\u015bwiadczony ekspert, z ogromn\u0105 wiedz\u0105 o rynku, do\u0142\u0105cza do naszego zespo\u0142u. Pami\u0119taj\u0105c o tym, \u017ce jednym ze strategicznych priorytet\u00f3w Grupy Onet-RAS Polska jest video, wiedza Marcina jest nieoceniona i gwarantuje dalsze sukcesy Media Impact. \u017bycz\u0119 Marcinowi powodzenia na nowym stanowisku i witam w zespole.<\/p><\/blockquote>\n<p>Jacek Dzi\u0119cielak, obecny CEO Media Impact Polska, do\u0142\u0105czy do grona cz\u0142onk\u00f3w Rady Nadzorczej Media Impact Polska i b\u0119dzie wsp\u00f3\u0142pracowa\u0142 z Grup\u0105.<\/p>\n<p>Mark Dekan t\u0142umaczy:<\/p>\n<blockquote><p>Dzi\u0119kuj\u0119 Jackowi za ogromn\u0105 prac\u0119, kt\u00f3r\u0105 wykona\u0142, by wprowadzi\u0107 Media Impact Polska na rynek i osi\u0105gn\u0105\u0107 pozycj\u0119 uznanej agencji sprzeda\u017cowej w bran\u017cy. Ciesz\u0119 si\u0119 na nasz\u0105 dalsz\u0105 wsp\u00f3\u0142prac\u0119, tym razem na poziomie zada\u0144, jakie stoj\u0105 przed cz\u0142onkami Rady Nadzorczej.<\/p><\/blockquote>\n<p>Marcin Boroszko jest zwi\u0105zany z rynkiem medi\u00f3w od 1998 roku. Zaczyna\u0142 jako dyrektor ds. Sprzeda\u017cy w Radiu Zet (RRM), a nast\u0119pnie pracowa\u0142 w wydawnictwie G+J Polska jako General Commercial Director. Od 2000 roku by\u0142 zwi\u0105zany z AtMedia (broker telewizyjny) \u2013 jako wice prezes, a od 2007 roku \u2013 jako Prezes sp\u00f3\u0142ki. W 2010 roku zosta\u0142 mianowany prezesem AtMedia Group.<\/p>\n<p>Marcin Boroszko jest absolwentem arabistyki na Uniwersytecie Warszawskim, sko\u0144czy\u0142 r\u00f3wnie\u017c presti\u017cowy program General Management Program 5 w Harvard Business School.<\/p>\n","protected":false},"excerpt":{"rendered":"Marcin Boroszko zmienia stanowisko &#8211; obejmie funkcj\u0119 Prezesa Zarz\u0105du (CEO) Media Impact Polska oraz Chief Sales Officer\u2019a Grupy Onet-RAS Polska.","protected":false},"author":23,"featured_media":166119,"comment_status":"open","ping_status":"closed","sticky":false,"template":"","format":"standard","meta":{"csco_display_header_overlay":false,"csco_singular_sidebar":"","csco_page_header_type":"","csco_page_load_nextpost":"","csco_post_video_location":[],"csco_post_video_location_hash":"","csco_post_video_url":"","csco_post_video_bg_start_time":0,"csco_post_video_bg_end_time":0,"footnotes":""},"categories":[9677],"tags":[9818,252,9819],"class_list":{"0":"post-166117","1":"post","2":"type-post","3":"status-publish","4":"format-standard","5":"has-post-thumbnail","7":"category-ludzie","8":"tag-marcin-boroszko","9":"tag-media-impact-polska","10":"tag-onet-ras","11":"cs-entry","12":"cs-video-wrap"},"_links":{"self":[{"href":"https:\/\/mediarun.com\/pl\/wp-json\/wp\/v2\/posts\/166117","targetHints":{"allow":["GET"]}}],"collection":[{"href":"https:\/\/mediarun.com\/pl\/wp-json\/wp\/v2\/posts"}],"about":[{"href":"https:\/\/mediarun.com\/pl\/wp-json\/wp\/v2\/types\/post"}],"author":[{"embeddable":true,"href":"https:\/\/mediarun.com\/pl\/wp-json\/wp\/v2\/users\/23"}],"replies":[{"embeddable":true,"href":"https:\/\/mediarun.com\/pl\/wp-json\/wp\/v2\/comments?post=166117"}],"version-history":[{"count":0,"href":"https:\/\/mediarun.com\/pl\/wp-json\/wp\/v2\/posts\/166117\/revisions"}],"wp:featuredmedia":[{"embeddable":true,"href":"https:\/\/mediarun.com\/pl\/wp-json\/wp\/v2\/media\/166119"}],"wp:attachment":[{"href":"https:\/\/mediarun.com\/pl\/wp-json\/wp\/v2\/media?parent=166117"}],"wp:term":[{"taxonomy":"category","embeddable":true,"href":"https:\/\/mediarun.com\/pl\/wp-json\/wp\/v2\/categories?post=166117"},{"taxonomy":"post_tag","embeddable":true,"href":"https:\/\/mediarun.com\/pl\/wp-json\/wp\/v2\/tags?post=166117"}],"curies":[{"name":"wp","href":"https:\/\/api.w.org\/{rel}","templated":true}]}}