{"id":165896,"date":"2016-02-22T11:56:11","date_gmt":"2016-02-22T10:56:11","guid":{"rendered":"https:\/\/mediarun.com\/pl\/?p=165896"},"modified":"2016-02-22T11:56:11","modified_gmt":"2016-02-22T10:56:11","slug":"lider-wideo-na-facebooku","status":"publish","type":"post","link":"https:\/\/mediarun.com\/pl\/trendy\/raporty\/lider-wideo-na-facebooku.html","title":{"rendered":"Lider wideo na Facebooku"},"content":{"rendered":"<p><strong>Gazeta.pl od kilku miesi\u0119cy intensywnie rozwija formaty wideo tworzone z my\u015bl\u0105 o serwisach spo\u0142eczno\u015bciowych i\u00a0urz\u0105dzeniach mobilnych. W grudniu 2015 r. i styczniu br. Gazeta.pl zaj\u0119\u0142a odpowiednio 1. i 2. miejsce w rankingu polskich wydawc\u00f3w wideo na Facebooku przygotowanym przez firm\u0119 Sotrender.<\/strong><\/p>\n<p>Ponad 9 mln w grudniu 2015 r. i ponad 8 mln w styczniu br. &#8211; tyle razy materia\u0142y wideo Gazeta.pl by\u0142y ogl\u0105dane na profilu portalu na Facebooku. Gazeta.pl jest zdecydowanym liderem w tej kategorii w<span id=\"OBJ_PREFIX_DWT6401_com_zimbra_date\" class=\"Object\">\u015br<\/span>\u00f3d najwi\u0119kszych polskich portali horyzontalnych. W grudniu 2015 portal zanotowa\u0142 te\u017c najwi\u0119cej emisji spo<span id=\"OBJ_PREFIX_DWT6402_com_zimbra_date\" class=\"Object\">\u015br<\/span>\u00f3d wszystkich polskich marek mediowych na Facebooku. W styczniu br. Gazeta.pl znalaz\u0142a si\u0119 na 2. miejscu rankingu &#8211; za mark\u0105 TVN &#8211; wynika z rankingu Sotrendera.<\/p>\n<p><span style=\"font-family: arial, helvetica, sans-serif;font-size: small\">Najpopularniejszymi spo\u0142eczno\u015bciowymi wideo Gazeta.pl\u00a0<\/span>w grudniu ub.r.\u00a0<span style=\"font-family: arial, helvetica, sans-serif;font-size: small\">by\u0142y: materia\u0142 po\u015bwi\u0119cony\u00a0<span id=\"OBJ_PREFIX_DWT2160_com_zimbra_url\" class=\"Object\"><span id=\"OBJ_PREFIX_DWT2842_com_zimbra_url\" class=\"Object\"><span id=\"OBJ_PREFIX_DWT8857_com_zimbra_url\" class=\"Object\"><a href=\"https:\/\/www.facebook.com\/gazetapl\/videos\/10153831470574583\/\" target=\"_blank\" rel=\"noreferrer noopener\">deklaracjom wyborczym Andrzeja Dudy<\/a><\/span><\/span><\/span>\u00a0i materia\u0142 opowiadaj\u0105cy\u00a0<\/span><span style=\"font-family: arial, helvetica, sans-serif;font-size: small\"><span id=\"OBJ_PREFIX_DWT2161_com_zimbra_url\" class=\"Object\"><span id=\"OBJ_PREFIX_DWT2843_com_zimbra_url\" class=\"Object\"><span id=\"OBJ_PREFIX_DWT8858_com_zimbra_url\" class=\"Object\"><a href=\"https:\/\/www.facebook.com\/gazetapl\/videos\/10153806427714583\/\" target=\"_blank\" rel=\"noreferrer noopener\">histori\u0119 Gwiezdnych wojen w 2 minuty<\/a><\/span><\/span><\/span><\/span><span style=\"font-family: arial, helvetica, sans-serif;font-size: small\">. W styczniu br. u\u017cytkownicy Gazeta.pl na Facebooku najch\u0119tniej ogl\u0105dali wideo\u00a0<span id=\"OBJ_PREFIX_DWT2162_com_zimbra_url\" class=\"Object\"><span id=\"OBJ_PREFIX_DWT2844_com_zimbra_url\" class=\"Object\"><span id=\"OBJ_PREFIX_DWT8859_com_zimbra_url\" class=\"Object\"><a href=\"https:\/\/www.facebook.com\/gazetapl\/videos\/10153869279569583\/\" target=\"_blank\" rel=\"noreferrer noopener\">podsumowuj\u0105ce sejmow\u0105 konferencj\u0119 prasow\u0105 na temat genderyzmu i okultyzmu w e-podr\u0119cznik<\/a><\/span>ach<\/span><\/span>\u00a0oraz o\u00a0<span id=\"OBJ_PREFIX_DWT2163_com_zimbra_url\" class=\"Object\"><span id=\"OBJ_PREFIX_DWT2845_com_zimbra_url\" class=\"Object\"><span id=\"OBJ_PREFIX_DWT8860_com_zimbra_url\" class=\"Object\"><a href=\"https:\/\/www.facebook.com\/gazetapl\/videos\/10153855549109583\/\" target=\"_blank\" rel=\"noreferrer noopener\">ataku zimy w Holandii<\/a><\/span><\/span><\/span><\/span>.<\/p>\n<p><img fetchpriority=\"high\" decoding=\"async\" class=\"alignnone size-full wp-image-165899\" src=\"https:\/\/mediarun.com\/wp-content\/uploads\/2016\/02\/Wykres_kategoria_portale.jpg\" alt=\"Wykres_kategoria_portale\" width=\"1920\" height=\"1080\" title=\"\" srcset=\"https:\/\/mediarun.com\/pl\/wp-content\/uploads\/2016\/02\/Wykres_kategoria_portale.jpg 1920w, https:\/\/mediarun.com\/pl\/wp-content\/uploads\/2016\/02\/Wykres_kategoria_portale-1200x675.jpg 1200w\" sizes=\"(max-width: 1920px) 100vw, 1920px\" \/><\/p>\n<p>Pawel Stremski<span style=\"font-family: arial, helvetica, sans-serif\">, dyrektor\u00a0<\/span>programowy i wydawniczy\u00a0Gazeta.pl, dodaje:<\/p>\n<blockquote><p>Nowoczesne, kr\u00f3tkie i bardzo tre\u015bciwe formaty wideo przygotowywane specjalnie z my\u015bl\u0105 o serwisach spo\u0142eczno\u015bciowych to jeden z najwa\u017cniejszych trend\u00f3w w internecie. Gazeta.pl, podobnie jak czo\u0142owi wydawcy na \u015bwiecie, codziennie produkuje materia\u0142y wideo specjalnie dla swoich fan\u00f3w na Facebooku. Jako pierwsi w Polsce zdecydowanie postawili\u015bmy na tak\u0105 form\u0119 przekazu w social mediach oraz kanale mobilnym i widzimy efekty tych dzia\u0142a\u0144. Jeste\u015bmy tam, gdzie nasi czytelnicy, z tre\u015bci\u0105, kt\u00f3ra trafia w ich oczekiwania.<span style=\"font-family: arial, helvetica, sans-serif\">\u00a0<\/span><\/p><\/blockquote>\n<div id=\"c95e1146-6aff-4b7f-9190-b65b29615290\">Gazeta.pl przygotowuje m<span style=\"font-family: arial, helvetica, sans-serif;font-size: small\">ateria\u0142y wideo na Facebooka od pa\u017adziernika ub.r. Kilkuosobowy zesp\u00f3\u0142 redaktor\u00f3w i monta\u017cyst\u00f3w tworzy obecnie ok. 5 nowych materia\u0142\u00f3w dziennie.<br \/>\nWg nieoficjalnych danych prezentowanych przez Facebooka, serwis ten wyprzedzi\u0142 pod wzgl\u0119dem emisji plik\u00f3w wideo dotychczasowego globalnego lidera &#8211; portal YouTube. W Polsce z Facebooka korzysta 83 proc. internaut\u00f3w.<\/span><\/div>\n<div><img decoding=\"async\" class=\"alignnone size-full wp-image-165898\" src=\"https:\/\/mediarun.com\/wp-content\/uploads\/2016\/02\/Wykres_kategoria_media.jpg\" alt=\"Wykres_kategoria_media\" width=\"1920\" height=\"1080\" title=\"\" srcset=\"https:\/\/mediarun.com\/pl\/wp-content\/uploads\/2016\/02\/Wykres_kategoria_media.jpg 1920w, https:\/\/mediarun.com\/pl\/wp-content\/uploads\/2016\/02\/Wykres_kategoria_media-1200x675.jpg 1200w\" sizes=\"(max-width: 1920px) 100vw, 1920px\" \/><\/div>\n","protected":false},"excerpt":{"rendered":"Z raportu przeprowadzonego przez firm\u0119 Sotrender wynika, \u017ce Gazeta.pl jest liderem wideo na Facebooku. Potwierdzaj\u0105 to wykresy i wyniki ogl\u0105dalno\u015bci zamieszczonych nagra\u0144.","protected":false},"author":23,"featured_media":159654,"comment_status":"open","ping_status":"closed","sticky":false,"template":"","format":"standard","meta":{"csco_display_header_overlay":false,"csco_singular_sidebar":"","csco_page_header_type":"","csco_page_load_nextpost":"","csco_post_video_location":[],"csco_post_video_location_hash":"","csco_post_video_url":"","csco_post_video_bg_start_time":0,"csco_post_video_bg_end_time":0,"footnotes":""},"categories":[4702],"tags":[128,251,590,3418],"class_list":{"0":"post-165896","1":"post","2":"type-post","3":"status-publish","4":"format-standard","5":"has-post-thumbnail","7":"category-raporty","8":"tag-facebook","9":"tag-gazeta-pl","10":"tag-sotrender","11":"tag-wideo","12":"cs-entry","13":"cs-video-wrap"},"_links":{"self":[{"href":"https:\/\/mediarun.com\/pl\/wp-json\/wp\/v2\/posts\/165896","targetHints":{"allow":["GET"]}}],"collection":[{"href":"https:\/\/mediarun.com\/pl\/wp-json\/wp\/v2\/posts"}],"about":[{"href":"https:\/\/mediarun.com\/pl\/wp-json\/wp\/v2\/types\/post"}],"author":[{"embeddable":true,"href":"https:\/\/mediarun.com\/pl\/wp-json\/wp\/v2\/users\/23"}],"replies":[{"embeddable":true,"href":"https:\/\/mediarun.com\/pl\/wp-json\/wp\/v2\/comments?post=165896"}],"version-history":[{"count":0,"href":"https:\/\/mediarun.com\/pl\/wp-json\/wp\/v2\/posts\/165896\/revisions"}],"wp:featuredmedia":[{"embeddable":true,"href":"https:\/\/mediarun.com\/pl\/wp-json\/wp\/v2\/media\/159654"}],"wp:attachment":[{"href":"https:\/\/mediarun.com\/pl\/wp-json\/wp\/v2\/media?parent=165896"}],"wp:term":[{"taxonomy":"category","embeddable":true,"href":"https:\/\/mediarun.com\/pl\/wp-json\/wp\/v2\/categories?post=165896"},{"taxonomy":"post_tag","embeddable":true,"href":"https:\/\/mediarun.com\/pl\/wp-json\/wp\/v2\/tags?post=165896"}],"curies":[{"name":"wp","href":"https:\/\/api.w.org\/{rel}","templated":true}]}}