{"id":16565,"date":"2011-05-09T16:32:56","date_gmt":"2011-05-09T14:32:56","guid":{"rendered":"https:\/\/mediarun.com\/index.php\/gosc-specjalny-z-facebooka-w-sopocie\/"},"modified":"2015-01-13T01:28:43","modified_gmt":"2015-01-13T01:28:43","slug":"gosc-specjalny-z-facebooka-w-sopocie","status":"publish","type":"post","link":"https:\/\/mediarun.com\/pl\/digital\/social-media\/gosc-specjalny-z-facebooka-w-sopocie.html","title":{"rendered":"Go\u015b\u0107 specjalny z Facebooka w Sopocie"},"content":{"rendered":"<p>Diego Oliva pe\u0142ni w Facebooku funkcj\u0119 dyrektora regionalnego, odpowiedzialnego za tworzenie strategii irozwijanie sprzeda\u017cy na terenie Europy Po\u0142udniowej, \u015arodkowej i Wschodniej, a tak\u017ce Bliskiego Wschodu i Afryki.<\/p>\n<p>Przed przej\u015bciem do Facebooka Oliva pracowa\u0142 w TradeDoubler, gdzie odpowiada\u0142 za dzia\u0142alno\u015b\u0107 firmy we W\u0142oszech, Hiszpanii, Holandii, Belgii, Szwajcarii, Austrii, Portugalii i Irlandii.<\/p>\n<p><strong>Wyk\u0142adu Diego Olivy b\u0119dzie mo\u017cna pos\u0142ucha\u0107 we wtorek 30 maja w \u015bcie\u017cce tematycznej Media Spo\u0142eczno\u015bciowe podczas Kongresu &#8222;Future Marketing&#8221;.<\/strong><\/p>\n<p>Kongres Dyrektor&oacute;w Marketingu &#8222;Future Marketing&#8221; skierowany jest do os&oacute;b odpowiedzialnych za rozw&oacute;j, strategi\u0119, marketing i sprzeda\u017c w firmach. W trakcie pi\u0119ciu dni b\u0119dzie mo\u017cna wys\u0142ucha\u0107 ponad 70 prelegent&oacute;w, w tym 14 go\u015bci specjalnych z USA, Szwajcarii, Portugalii, Szwecji, Wlk. Brytanii, Hiszpanii i Niemiec.<\/p>\n<p><strong>W gronie prelegent&oacute;w znajduj\u0105 si\u0119 ju\u017c m.in. Chris Dobson (wiceprezes BBC Advertising), Nick Wiggin (dyrektor strategii firmy Ericsson), Peter Walshe (brand manager MillwardBrown), Matthew Froggatt (chief development officer TNS), Gabriela Salinas (global brand manager Deloitte), Louis Seara Cardoso (prezes Mindgames). <\/strong><\/p>\n<p>O trendach w marketingu, sprzeda\u017cy, mediach i komunikacji opowiedz\u0105 r&oacute;wnie\u017c Bartosz Drozdowski (managing director ARBOinteractive), Janusz Moneta (CMO CEE Google), Robert Majkut (ceniony designer), Mateusz Galica (dyrektor ds. strategii TNS OBOP), Tomasz Modzelewski (prezes firmy Zelmer) oraz Marcin Skowro\u0144ski (dyrektor pionu marketingu Onet.pl). Swoje prelekcje wyg\u0142osi r&oacute;wnie\u017c kilkudziesi\u0119ciu innych zaproszonych przez nas ekspert&oacute;w.<\/p>\n<p>Kongres sk\u0142ada si\u0119 z kilku cz\u0119\u015bci merytorycznych. Pierwsza to trzy dni prelekcji, nast\u0119pnie zaplanowano dwa dni dodatkowych warsztat&oacute;w oraz debat go\u015bci specjalnych, ponadto na uczestnik&oacute;w kongresu czekaj\u0105 wieczorne atrakcje i imprezy towarzysz\u0105ce.<\/p>\n<p>Organizatorem kongresu jest Mediarun.pl.<\/p>\n<p><strong>Szczeg&oacute;\u0142owe informacje dotycz\u0105ce programu i rejestracji s\u0105 dost\u0119pne na stronie <a href=\"http:\/\/www.kongresdyrektorowmarketingu.pl\" target=\"_blank\" rel=\"noopener\">www.kongresdyrektorowmarketingu.pl<\/a>.<\/strong><\/p>\n<p>Kongres Dyrektor&oacute;w Marketingu na Facebooku: <br \/><a href=\"http:\/\/facebook.com\/kongresdyrektorowmarketingu\" target=\"_blank\" rel=\"noopener\">http:\/\/facebook.com\/kongresdyrektorowmarketingu<\/a><\/p>\n","protected":false},"excerpt":{"rendered":"Diego Oliva, dyrektor regionalny Facebooka, wyst\u0105pi 30 maja podczas kongresu &#8222;Future Marketing&#8221; w Sopocie.","protected":false},"author":1,"featured_media":16566,"comment_status":"open","ping_status":"closed","sticky":false,"template":"","format":"standard","meta":{"csco_display_header_overlay":false,"csco_singular_sidebar":"","csco_page_header_type":"","csco_page_load_nextpost":"","csco_post_video_location":[],"csco_post_video_location_hash":"","csco_post_video_url":"","csco_post_video_bg_start_time":0,"csco_post_video_bg_end_time":0,"footnotes":""},"categories":[4641,20],"tags":[128,466],"class_list":{"0":"post-16565","1":"post","2":"type-post","3":"status-publish","4":"format-standard","5":"has-post-thumbnail","7":"category-konferencje","8":"category-social-media","9":"tag-facebook","10":"tag-kongres-dyrektorow-marketingu","11":"cs-entry","12":"cs-video-wrap"},"_links":{"self":[{"href":"https:\/\/mediarun.com\/pl\/wp-json\/wp\/v2\/posts\/16565","targetHints":{"allow":["GET"]}}],"collection":[{"href":"https:\/\/mediarun.com\/pl\/wp-json\/wp\/v2\/posts"}],"about":[{"href":"https:\/\/mediarun.com\/pl\/wp-json\/wp\/v2\/types\/post"}],"author":[{"embeddable":true,"href":"https:\/\/mediarun.com\/pl\/wp-json\/wp\/v2\/users\/1"}],"replies":[{"embeddable":true,"href":"https:\/\/mediarun.com\/pl\/wp-json\/wp\/v2\/comments?post=16565"}],"version-history":[{"count":0,"href":"https:\/\/mediarun.com\/pl\/wp-json\/wp\/v2\/posts\/16565\/revisions"}],"wp:featuredmedia":[{"embeddable":true,"href":"https:\/\/mediarun.com\/pl\/wp-json\/wp\/v2\/media\/16566"}],"wp:attachment":[{"href":"https:\/\/mediarun.com\/pl\/wp-json\/wp\/v2\/media?parent=16565"}],"wp:term":[{"taxonomy":"category","embeddable":true,"href":"https:\/\/mediarun.com\/pl\/wp-json\/wp\/v2\/categories?post=16565"},{"taxonomy":"post_tag","embeddable":true,"href":"https:\/\/mediarun.com\/pl\/wp-json\/wp\/v2\/tags?post=16565"}],"curies":[{"name":"wp","href":"https:\/\/api.w.org\/{rel}","templated":true}]}}