{"id":16561,"date":"2011-05-09T17:05:08","date_gmt":"2011-05-09T15:05:08","guid":{"rendered":"https:\/\/mediarun.com\/index.php\/raport-co-polacy-mysla-o-sobie\/"},"modified":"2011-05-09T17:05:08","modified_gmt":"2011-05-09T15:05:08","slug":"raport-co-polacy-mysla-o-sobie","status":"publish","type":"post","link":"https:\/\/mediarun.com\/pl\/marketing\/raport-co-polacy-mysla-o-sobie.html","title":{"rendered":"Raport: co Polacy my\u015bl\u0105 o sobie?"},"content":{"rendered":"<p>Taki obraz polskiego spo\u0142ecze\u0144stwa wy\u0142ania si\u0119 z bada\u0144 zrealizowanych na zlecenie Hoop Polska, producenta marki Hoop Cola, przez IIBR na reprezentatywnej pr&oacute;bie Polak&oacute;w.<\/p>\n<p>Raport Hoop Cola odpowiada na pytanie, co my\u015bl\u0105 o sobie Polacy, jak bardzo s\u0105 tolerancyjni i otwarci na innych ludzi oraz jaki jest ich stosunek do imigrant&oacute;w. Ju\u017c pierwsze wyniki badania przeprowadzonego na reprezentatywnej grupie polskiego spo\u0142ecze\u0144stwa pokazuj\u0105, \u017ce budowanie otwarto\u015bci w Polsce to nie\u0142atwe zadanie.<\/p>\n<p>&nbsp;<\/p>\n<p><strong>S\u0142ysz\u0119 &#8222;Polak&#8221;, my\u015bl\u0119&#8230; alkoholik<\/strong><\/p>\n<p>Odpowied\u017a a\u017c 58 proc. ankietowanych, poproszonych o podanie pierwszej my\u015bli, jaka przychodzi im do g\u0142owy na temat Polak&oacute;w, ma negatywny wyd\u017awi\u0119k. Jednocze\u015bnie najbardziej krytyczne s\u0105 m\u0142ode osoby (15-24), w\u015br&oacute;d kt&oacute;rych 72 proc. deklaruje negatywne skojarzenie jako pierwsze. Pierwsza my\u015bl o Polakach jaka pada\u0142a najcz\u0119\u015bciej to alkoholicy\/pijacy (13proc.). Co ciekawe, prawie dwa razy wi\u0119cej kobiet, ani\u017celi m\u0119\u017cczyzn, zadeklarowa\u0142o tak\u0105 odpowied\u017a. Du\u017ca cz\u0119\u015b\u0107 ankietowanych postrzega Polak&oacute;w jako pracowitych i jest to druga najcz\u0119\u015bciej wymieniana odpowied\u017a z wynikiem 9 proc. W tym wypadku mieszka\u0144cy wsi (13 proc.) wypadaj\u0105 zdecydowanie lepiej na tle mieszka\u0144c&oacute;w miast (4 proc.). Inne cechy, kt&oacute;re wymieniali ankietowani jako pierwsze skojarzenia o Polakach to: z\u0142odzieje (8 proc.), niekulturalni, nie\u017cyczliwi oraz chamy (5 proc.). Tylko 2 proc. badanych kojarzy nasz nar&oacute;d z poczuciem humoru oraz zabaw\u0105.<\/p>\n<p>&nbsp;<\/p>\n<p><strong>Co to znaczy by\u0107 prawdziwym Polakiem?<\/strong><\/p>\n<p>Jak pokazuj\u0105 wyniki badania, prawdziwym Polakiem nie jest osoba, kt&oacute;ra nie zna s\u0142&oacute;w Hymnu Polskiego (75 proc.) i nie pos\u0142uguje si\u0119 j\u0119zykiem polskim (72 proc.). Cecha konieczna do tego by by\u0107 Polakiem to duma ze swojego pochodzenia (74 proc.). Ni\u017cej oceniony przez badanych wyznacznik polsko\u015bci to udzia\u0142 w wyborach (58 proc.) oraz znajomo\u015b\u0107 najwa\u017cniejszych dat z historii naszego kraju &#8211; (53 proc.). Najwi\u0119ksz\u0105 wag\u0119 do obu powy\u017cszych kwestii przywi\u0105zuj\u0105 m\u0142odzi ludzie w wieku 15-18 lat &#8211; odpowiednio 65 proc. oraz 69 proc. Na uwag\u0119 zas\u0142uguje fakt, i\u017c a\u017c 23 proc. ankietowanych uwa\u017ca, \u017ce Polakiem nie jest osoba o innym kolorze sk&oacute;ry.<\/p>\n<p>&nbsp;<\/p>\n<p><strong>Pesymi\u015bci czy optymi\u015bci, czyli co cechuje Polak&oacute;w?<\/strong><\/p>\n<p>Go\u015bcinno\u015b\u0107 to cecha, kt&oacute;ra najlepiej charakteryzuje Polak&oacute;w &#8211; tak twierdzi a\u017c 87 proc. badanych. Dalsze odpowiedzi nie stawiaj\u0105 nas w tak pozytywnym \u015bwietle. A\u017c 84 proc. badanych uwa\u017ca, \u017ce Polacy ci\u0105gle narzekaj\u0105, nadu\u017cywaj\u0105 alkoholu (74 proc.), s\u0105 zawistni (72 proc.) i pesymistycznie patrz\u0105 na \u015bwiat (70 proc.). Niestety nie uda\u0142o si\u0119 jeszcze wykorzeni\u0107 naszej nietolerancji, kt&oacute;r\u0105 wskazuje 69 proc. os&oacute;b. Dodatkowo 68 proc. ankietowanych jest zdania, \u017ce jeste\u015bmy narodem zakompleksionym. Do pozytywnych cech Polak&oacute;w zaliczono poszanowanie tradycji (82 proc.), a tak\u017ce waleczno\u015b\u0107 (76 proc.).<\/p>\n<p>&nbsp;<\/p>\n<p><strong>Jak Polacy postrzegaj\u0105 inne grupy narodowo\u015bciowe?<\/strong><\/p>\n<p>Tylko jeden procent ankietowanych wymieni\u0142 jako pierwsz\u0105 cech\u0119 kojarzon\u0105 z Polakami &#8222;brak tolerancji&#8221;. Niestety k\u0142&oacute;ci si\u0119 to z odpowiedziami na pytania o konkretne sytuacje \u017cyciowe. Tu nie wypadamy ju\u017c tak dobrze, jak nam si\u0119 wydaje. Jedynie 22 proc. badanych zgodzi\u0142oby si\u0119, aby ich c&oacute;rka wysz\u0142a za m\u0105\u017c za Araba. W\u015br&oacute;d respondent&oacute;w w wieku 35-49 lat tylko 15 proc. odpowiedzia\u0142o twierdz\u0105co na powy\u017csze pytanie. Osoby z wykszta\u0142ceniem zawodowym i niepe\u0142nym zdecydowanie rzadziej (40 proc.) zgodzi\u0142yby si\u0119 na to, aby mie\u0107 za s\u0105siada Roma ni\u017c osoby z wykszta\u0142ceniem \u015brednim i wy\u017cszym &#8211; 52 proc. W badaniach uwzgl\u0119dniono r&oacute;wnie\u017c pytania dotycz\u0105ce homofobii. Tylko 45 proc. Polak&oacute;w zgodzi\u0142oby si\u0119, aby nauczycielem ich dziecka by\u0142 homoseksualista, przy czym wi\u0119ksz\u0105 tolerancj\u0119 wykazywa\u0142y kobiety (57 proc.) w por&oacute;wnaniu do m\u0119\u017cczyzn (32 proc.). Najni\u017cszy poziom tolerancji w tej kwestii wykazuj\u0105 osoby z wykszta\u0142ceniem niepe\u0142nym, bo tylko 39 proc., w przeciwie\u0144stwie do os&oacute;b z dyplomem uczelni wy\u017cszej, gdzie pozytywne odpowiedzi na pytanie stanowi\u0142y 53 proc. Lepiej wypadamy w pytaniach o tolerancj\u0119 w stosunku do os&oacute;b innych narodowo\u015bci, nawet w przypadku obywateli z Niemiec czy Rosji. Ponad 62 proc. pytanych odpowiedzia\u0142o, \u017ce zgodzi\u0142oby si\u0119 na to, aby Rosjanin uczy\u0142 ich dziecko historii, a 58 proc. wyrazi\u0142o zgod\u0119 na sprawowanie funkcji radnego w ich gminie przez osob\u0119 pochodzenia niemieckiego. Tak jak w przypadku innych pyta\u0144, tak r&oacute;wnie\u017c w tych obu kwestiach, najbardziej otwarte s\u0105 osoby z wy\u017cszym wykszta\u0142ceniem.<\/p>\n<p>&nbsp;<\/p>\n<p><strong>Jaki jest nasz stosunek do imigrant&oacute;w?<\/strong><\/p>\n<p>Ostatni\u0105 badan\u0105 kwesti\u0105 by\u0142 stosunek Polak&oacute;w do imigrant&oacute;w przebywaj\u0105cych w naszym kraju. Prawie po\u0142owa pytanych, bo a\u017c 46 proc. uwa\u017ca, \u017ce imigranci odbieraj\u0105 im prac\u0119, a 52 proc. opowiada si\u0119 za ograniczeniem liczby obcokrajowc&oacute;w, nielegalnie przebywaj\u0105cych w Polsce. Jednak w opinii prawie 60 proc. Polak&oacute;w, imigranci maj\u0105 pozytywny wp\u0142yw na polskie spo\u0142ecze\u0144stwo, kt&oacute;re dzi\u0119ki nim uczy si\u0119 nowych zwyczaj&oacute;w i kultury.<\/p>\n<p><em>Badanie zosta\u0142o zrealizowane przez Interaktywny Instytut Bada\u0144 Rynkowych sp. z o.o.  metod\u0105 CAWI Real Time Sampling w dniach 12-14.04.2011 w ramach  GO96 &#8211; Omnibus online. Pr&oacute;b\u0119 dobrano metod\u0105 losowo-kwotow\u0105 spo\u015br&oacute;d u\u017cytkownik&oacute;w  witryn internetowych korzystaj\u0105cych z bezp\u0142atnej wersji systemu stat24 lub bezp\u0142atnego audytu site-centric stat.pl\/PBI.<\/em><\/p>\n<p><em>Badaniem obj\u0119to dwie grupy os&oacute;b: Polak&oacute;w w wieku 15-49 lat (N=800) oraz internaut&oacute;w  z Polski w wieku 15-75 (N=1000). Niniejszy arkusz pozwala na por&oacute;wnanie tych dw&oacute;ch grup os&oacute;b w wieku 15-49 lat.<\/em><\/p>\n","protected":false},"excerpt":{"rendered":"Nieustannie narzekamy, pijemy za du\u017co alkoholu, jeste\u015bmy zawistni, nie zgadzamy si\u0119 na \u015blub c&oacute;rki z Arabem i nie chcemy by nauczycielem naszego dziecka by\u0142 homoseksualista&#8230;","protected":false},"author":1,"featured_media":16562,"comment_status":"open","ping_status":"closed","sticky":false,"template":"","format":"standard","meta":{"csco_display_header_overlay":false,"csco_singular_sidebar":"","csco_page_header_type":"","csco_page_load_nextpost":"","csco_post_video_location":[],"csco_post_video_location_hash":"","csco_post_video_url":"","csco_post_video_bg_start_time":0,"csco_post_video_bg_end_time":0,"footnotes":""},"categories":[],"tags":[249,1086],"class_list":{"0":"post-16561","1":"post","2":"type-post","3":"status-publish","4":"format-standard","5":"has-post-thumbnail","7":"tag-hoop-polska","8":"tag-iibr","9":"cs-entry","10":"cs-video-wrap"},"_links":{"self":[{"href":"https:\/\/mediarun.com\/pl\/wp-json\/wp\/v2\/posts\/16561","targetHints":{"allow":["GET"]}}],"collection":[{"href":"https:\/\/mediarun.com\/pl\/wp-json\/wp\/v2\/posts"}],"about":[{"href":"https:\/\/mediarun.com\/pl\/wp-json\/wp\/v2\/types\/post"}],"author":[{"embeddable":true,"href":"https:\/\/mediarun.com\/pl\/wp-json\/wp\/v2\/users\/1"}],"replies":[{"embeddable":true,"href":"https:\/\/mediarun.com\/pl\/wp-json\/wp\/v2\/comments?post=16561"}],"version-history":[{"count":0,"href":"https:\/\/mediarun.com\/pl\/wp-json\/wp\/v2\/posts\/16561\/revisions"}],"wp:featuredmedia":[{"embeddable":true,"href":"https:\/\/mediarun.com\/pl\/wp-json\/wp\/v2\/media\/16562"}],"wp:attachment":[{"href":"https:\/\/mediarun.com\/pl\/wp-json\/wp\/v2\/media?parent=16561"}],"wp:term":[{"taxonomy":"category","embeddable":true,"href":"https:\/\/mediarun.com\/pl\/wp-json\/wp\/v2\/categories?post=16561"},{"taxonomy":"post_tag","embeddable":true,"href":"https:\/\/mediarun.com\/pl\/wp-json\/wp\/v2\/tags?post=16561"}],"curies":[{"name":"wp","href":"https:\/\/api.w.org\/{rel}","templated":true}]}}