{"id":165606,"date":"2016-02-10T15:19:47","date_gmt":"2016-02-10T14:19:47","guid":{"rendered":"https:\/\/mediarun.com\/pl\/?p=165606"},"modified":"2016-02-10T15:19:47","modified_gmt":"2016-02-10T14:19:47","slug":"wielkie-zmiany-w-polskim-radiu","status":"publish","type":"post","link":"https:\/\/mediarun.com\/pl\/media\/radio\/wielkie-zmiany-w-polskim-radiu.html","title":{"rendered":"Wielkie zmiany w Polskim Radiu"},"content":{"rendered":"<p><strong>&#8222;Presserwis&#8221; podaje &#8211;\u00a0Iwona Kostka-Kwiatkowska, dyrektor Programu IV Polskiego Radia, zosta\u0142a dyrektorem Agencji Promocji Polskiego Radia, a\u00a0Czw\u00f3rk\u0105 zacz\u0119\u0142a kierowa\u0107 dziennikarka rozg\u0142o\u015bni Hanna Do\u0142\u0119gowska.<\/strong><\/p>\n<p>Iwona Kostka-Kwiatkowska dodaje:<\/p>\n<blockquote><p>Zarz\u0105d Polskiego Radia postawi\u0142 przede mn\u0105 nowe zadania, powierzy\u0142 mi stanowisko dyrektora Agencji Promocji.\u00a0W tym roku przed Polskim Radiem trzy du\u017ce wyzwania promocyjne: \u015bwiatowe Dni M\u0142odzie\u017cy, &#8222;Lato z radiem&#8221; oraz Piknik Naukowy.<\/p><\/blockquote>\n<p>Iwona Kostka-Kwiatkowska pe\u0142ni\u0142a funkcj\u0119 szefowej Programu IV od czerwca 2014 roku, a stanowisko obj\u0119\u0142a w wyniku konkursu. Wcze\u015bniej zajmowa\u0142a si\u0119 kierowaniem Akademickim Radiem Kampus Uniwersytetu Warszawskiego (od 2005 roku, czyli od pocz\u0105tku istnienia rozg\u0142o\u015bni).<\/p>\n<p>Miejsce zast\u0119pcy Kostki-Kwiatkowskiej w Agencji Promocji obj\u0105\u0142 Rafa\u0142 K\u0105tny, kt\u00f3ry wcze\u015bniej by\u0142 sekretarzem.<\/p>\n<p>Nowym dyrektorem Programu IV zosta\u0142a Hanna Do\u0142\u0119gowska, dotychczasowy kierownik redakcji publicystyki i gospodyni audycji \u201dCo was kr\u0119ci\u201d. Z radiow\u0105 Czw\u00f3rk\u0105 zwi\u0105zana jest od 1992 roku (prowadzi\u0142a m.in. &#8222;Deskorolk\u0119&#8221;, &#8222;Bisowisko&#8221; i &#8222;Krajobrazy&#8221;).<\/p>\n<p>Dotychczasowa dyrektor Agencji Promocji &#8211; Miros\u0142awa Mieszkowska zosta\u0142a odwo\u0142a. Do kierowania agencj\u0105 powr\u00f3ci\u0142a 8 stycznia br. \u2013 od kiedy Polskie Radio stworzy\u0142o nowy zarz\u0105d. (poprzedni odwo\u0142a\u0142 j\u0105 w po\u0142owie listopada 2015). Stanowisko straci\u0142 te\u017c wiceszef Agencji Promocji &#8211; Leszek S\u0142owikowski (by\u0142 nim od pa\u017adziernika 2011 roku)<\/p>\n","protected":false},"excerpt":{"rendered":"&#8222;Presserwis&#8221; podaje &#8211;\u00a0Iwona Kostka-Kwiatkowska, dyrektor Programu IV Polskiego Radia, zosta\u0142a dyrektorem Agencji Promocji Polskiego Radia, a\u00a0Czw\u00f3rk\u0105 zacz\u0119\u0142a kierowa\u0107&hellip;","protected":false},"author":23,"featured_media":165607,"comment_status":"open","ping_status":"closed","sticky":false,"template":"","format":"standard","meta":{"csco_display_header_overlay":false,"csco_singular_sidebar":"","csco_page_header_type":"","csco_page_load_nextpost":"","csco_post_video_location":[],"csco_post_video_location_hash":"","csco_post_video_url":"","csco_post_video_bg_start_time":0,"csco_post_video_bg_end_time":0,"footnotes":""},"categories":[9672],"tags":[9530,9531,405],"class_list":{"0":"post-165606","1":"post","2":"type-post","3":"status-publish","4":"format-standard","5":"has-post-thumbnail","7":"category-radio","8":"tag-hanna-dolegowska","9":"tag-iwona-kostka-kwiatkowska","10":"tag-polskie-radio","11":"cs-entry","12":"cs-video-wrap"},"_links":{"self":[{"href":"https:\/\/mediarun.com\/pl\/wp-json\/wp\/v2\/posts\/165606","targetHints":{"allow":["GET"]}}],"collection":[{"href":"https:\/\/mediarun.com\/pl\/wp-json\/wp\/v2\/posts"}],"about":[{"href":"https:\/\/mediarun.com\/pl\/wp-json\/wp\/v2\/types\/post"}],"author":[{"embeddable":true,"href":"https:\/\/mediarun.com\/pl\/wp-json\/wp\/v2\/users\/23"}],"replies":[{"embeddable":true,"href":"https:\/\/mediarun.com\/pl\/wp-json\/wp\/v2\/comments?post=165606"}],"version-history":[{"count":0,"href":"https:\/\/mediarun.com\/pl\/wp-json\/wp\/v2\/posts\/165606\/revisions"}],"wp:featuredmedia":[{"embeddable":true,"href":"https:\/\/mediarun.com\/pl\/wp-json\/wp\/v2\/media\/165607"}],"wp:attachment":[{"href":"https:\/\/mediarun.com\/pl\/wp-json\/wp\/v2\/media?parent=165606"}],"wp:term":[{"taxonomy":"category","embeddable":true,"href":"https:\/\/mediarun.com\/pl\/wp-json\/wp\/v2\/categories?post=165606"},{"taxonomy":"post_tag","embeddable":true,"href":"https:\/\/mediarun.com\/pl\/wp-json\/wp\/v2\/tags?post=165606"}],"curies":[{"name":"wp","href":"https:\/\/api.w.org\/{rel}","templated":true}]}}