{"id":165505,"date":"2016-02-04T12:16:26","date_gmt":"2016-02-04T11:16:26","guid":{"rendered":"https:\/\/mediarun.com\/pl\/?p=165505"},"modified":"2016-02-04T12:16:26","modified_gmt":"2016-02-04T11:16:26","slug":"nowy-dyrektor-programu-iii-polskiego-radia","status":"publish","type":"post","link":"https:\/\/mediarun.com\/pl\/media\/radio\/nowy-dyrektor-programu-iii-polskiego-radia.html","title":{"rendered":"Nowy dyrektor Programu III Polskiego Radia"},"content":{"rendered":"<p><strong>Paulina Stolarek-Marat zosta\u0142a dyrektorem Programu III Polskiego Radia.<\/strong><\/p>\n<p>Stolarek-Marat by\u0142a redaktor naczeln\u0105 &#8222;Voyage&#8221; (2007-2013), wcze\u015bniej pe\u0142ni\u0142a funkcj\u0119 wicenaczelnej. Kierowa\u0142a tak\u017ce &#8222;Marie Claire&#8221;. Przez ostatnie 10 lat by\u0142a zwi\u0105zana z Radiem Zet &#8211; m.in. jako dyrektor informacji.<\/p>\n<p>Nowy zarz\u0105d Polskiego Radia odwo\u0142a\u0142 miesi\u0105c temu dotychczasow\u0105 dyrektor &#8211; Magd\u0119 Jethon. Tydzie\u0144 temu na stanowisko wicedyrektora powo\u0142ano Szymona S\u0142awi\u0144skiego.<\/p>\n<p>Opr\u00f3cz Stolarek-Marat g\u0142\u00f3wnymi kandydatami do obj\u0119cia funkcji byli :\u00a0Wojciech Reszczy\u0144ski, Dariusz Rosiak, Paw\u0142e\u0142 Sito, Piotr Metz czy Roman Rogowiecki.<\/p>\n<p>Og\u0142oszenie nowego dyrektora odbi\u0142o si\u0119 szerokim echem w mediach spo\u0142eczno\u015bciowych:<\/p>\n<p><a href=\"https:\/\/mediarun.com\/wp-content\/uploads\/2016\/02\/twitter.jpg\"><img fetchpriority=\"high\" decoding=\"async\" class=\"alignnone size-full wp-image-165506\" src=\"https:\/\/mediarun.com\/wp-content\/uploads\/2016\/02\/twitter.jpg\" alt=\"twitter\" width=\"502\" height=\"552\" title=\"\"><\/a><\/p>\n<p>&nbsp;<\/p>\n","protected":false},"excerpt":{"rendered":"Paulina Stolarek-Marat zosta\u0142a dyrektorem Programu III Polskiego Radia. Stolarek-Marat by\u0142a redaktor naczeln\u0105 &#8222;Voyage&#8221; (2007-2013), wcze\u015bniej pe\u0142ni\u0142a funkcj\u0119 wicenaczelnej.&hellip;","protected":false},"author":23,"featured_media":165507,"comment_status":"open","ping_status":"closed","sticky":false,"template":"","format":"standard","meta":{"csco_display_header_overlay":false,"csco_singular_sidebar":"","csco_page_header_type":"","csco_page_load_nextpost":"","csco_post_video_location":[],"csco_post_video_location_hash":"","csco_post_video_url":"","csco_post_video_bg_start_time":0,"csco_post_video_bg_end_time":0,"footnotes":""},"categories":[9672],"tags":[9506,9505,1098],"class_list":{"0":"post-165505","1":"post","2":"type-post","3":"status-publish","4":"format-standard","5":"has-post-thumbnail","7":"category-radio","8":"tag-paulina-stolarek-marat","9":"tag-program-iii-polskiego-radia","10":"tag-radio-trojka","11":"cs-entry","12":"cs-video-wrap"},"_links":{"self":[{"href":"https:\/\/mediarun.com\/pl\/wp-json\/wp\/v2\/posts\/165505","targetHints":{"allow":["GET"]}}],"collection":[{"href":"https:\/\/mediarun.com\/pl\/wp-json\/wp\/v2\/posts"}],"about":[{"href":"https:\/\/mediarun.com\/pl\/wp-json\/wp\/v2\/types\/post"}],"author":[{"embeddable":true,"href":"https:\/\/mediarun.com\/pl\/wp-json\/wp\/v2\/users\/23"}],"replies":[{"embeddable":true,"href":"https:\/\/mediarun.com\/pl\/wp-json\/wp\/v2\/comments?post=165505"}],"version-history":[{"count":0,"href":"https:\/\/mediarun.com\/pl\/wp-json\/wp\/v2\/posts\/165505\/revisions"}],"wp:featuredmedia":[{"embeddable":true,"href":"https:\/\/mediarun.com\/pl\/wp-json\/wp\/v2\/media\/165507"}],"wp:attachment":[{"href":"https:\/\/mediarun.com\/pl\/wp-json\/wp\/v2\/media?parent=165505"}],"wp:term":[{"taxonomy":"category","embeddable":true,"href":"https:\/\/mediarun.com\/pl\/wp-json\/wp\/v2\/categories?post=165505"},{"taxonomy":"post_tag","embeddable":true,"href":"https:\/\/mediarun.com\/pl\/wp-json\/wp\/v2\/tags?post=165505"}],"curies":[{"name":"wp","href":"https:\/\/api.w.org\/{rel}","templated":true}]}}