{"id":165475,"date":"2016-02-03T12:18:45","date_gmt":"2016-02-03T11:18:45","guid":{"rendered":"https:\/\/mediarun.com\/pl\/?p=165475"},"modified":"2016-02-03T12:18:45","modified_gmt":"2016-02-03T11:18:45","slug":"twitterowa-gwiazda-bez-kiecki-w-tvp","status":"publish","type":"post","link":"https:\/\/mediarun.com\/pl\/marketing\/twitterowa-gwiazda-bez-kiecki-w-tvp.html","title":{"rendered":"Twitterowa gwiazda &#8222;bez kiecki&#8221; w TVP?"},"content":{"rendered":"<p><strong>Joanna Solarz, by\u0142a rzeczniczka prasowa Kongresu Nowej Prawicy, bra\u0142a udzia\u0142 w pr\u00f3bach kamerowych TVP. Pr\u00f3by z udzia\u0142em pi\u0119knej blondynki odby\u0142y si\u0119 w sobot\u0119.<\/strong><\/p>\n<p>Solarz w trakcie ostatnich wybor\u00f3w prezydenckich pe\u0142ni\u0142a funkcj\u0119 rzeczniak prasowego Jacka Wilka (Kongres Nowej Prawicy). Wywo\u0142a\u0142a niema\u0142e zainteresowanie swoim wpisem na Twitterze, w kt\u00f3rym obiecywa\u0142a zdj\u0119cie &#8222;bez kiecki&#8221;, je\u015bli Andrzej Duda przyjmie przysi\u0119g\u0119 od trzech s\u0119dzi\u00f3w Trybuna\u0142u Konstytucyjnego. Do wpisu doda\u0142a zdj\u0119cie w przymierzalni &#8211; jeszcze w sukience. Internauci dodali, \u017ce kobieta powinna oznaczy\u0107 prezydenta w tweecie, jednak zainteresowana odpar\u0142a, \u017ce Duda obserwuje jej konto na portalu. G\u0142owa pa\u0144stwa odpowiedzia\u0142a kr\u00f3tko : &#8222;Uwa\u017cnie :)&#8221;.<\/p>\n<p>Nie wiadomo jeszcze, czy Solarz zostanie twarz\u0105 kt\u00f3rego\u015b z programu TVP, lecz je\u015bli tak si\u0119 stanie &#8211; swoim post\u0119powaniem wzbudzi z pewno\u015bci\u0105 zainteresowanie wielu. Nie zostaje nic innego jak czeka\u0107 na oficjalny komunikat Telewizji Polskiej.<\/p>\n","protected":false},"excerpt":{"rendered":"Joanna Solarz, by\u0142a rzeczniczka prasowa Kongresu Nowej Prawicy, bra\u0142a udzia\u0142 w pr\u00f3bach kamerowych TVP. Pr\u00f3by z udzia\u0142em pi\u0119knej&hellip;","protected":false},"author":23,"featured_media":165477,"comment_status":"open","ping_status":"closed","sticky":false,"template":"","format":"standard","meta":{"csco_display_header_overlay":false,"csco_singular_sidebar":"","csco_page_header_type":"","csco_page_load_nextpost":"","csco_post_video_location":[],"csco_post_video_location_hash":"","csco_post_video_url":"","csco_post_video_bg_start_time":0,"csco_post_video_bg_end_time":0,"footnotes":""},"categories":[9639],"tags":[9497,9498,8849],"class_list":{"0":"post-165475","1":"post","2":"type-post","3":"status-publish","4":"format-standard","5":"has-post-thumbnail","7":"category-marketing","8":"tag-joanna-solarz","9":"tag-kongres-nowej-prawicy","10":"tag-telewizja-polska","11":"cs-entry","12":"cs-video-wrap"},"_links":{"self":[{"href":"https:\/\/mediarun.com\/pl\/wp-json\/wp\/v2\/posts\/165475","targetHints":{"allow":["GET"]}}],"collection":[{"href":"https:\/\/mediarun.com\/pl\/wp-json\/wp\/v2\/posts"}],"about":[{"href":"https:\/\/mediarun.com\/pl\/wp-json\/wp\/v2\/types\/post"}],"author":[{"embeddable":true,"href":"https:\/\/mediarun.com\/pl\/wp-json\/wp\/v2\/users\/23"}],"replies":[{"embeddable":true,"href":"https:\/\/mediarun.com\/pl\/wp-json\/wp\/v2\/comments?post=165475"}],"version-history":[{"count":0,"href":"https:\/\/mediarun.com\/pl\/wp-json\/wp\/v2\/posts\/165475\/revisions"}],"wp:featuredmedia":[{"embeddable":true,"href":"https:\/\/mediarun.com\/pl\/wp-json\/wp\/v2\/media\/165477"}],"wp:attachment":[{"href":"https:\/\/mediarun.com\/pl\/wp-json\/wp\/v2\/media?parent=165475"}],"wp:term":[{"taxonomy":"category","embeddable":true,"href":"https:\/\/mediarun.com\/pl\/wp-json\/wp\/v2\/categories?post=165475"},{"taxonomy":"post_tag","embeddable":true,"href":"https:\/\/mediarun.com\/pl\/wp-json\/wp\/v2\/tags?post=165475"}],"curies":[{"name":"wp","href":"https:\/\/api.w.org\/{rel}","templated":true}]}}