{"id":16543,"date":"2011-05-10T10:39:35","date_gmt":"2011-05-10T08:39:35","guid":{"rendered":"https:\/\/mediarun.com\/index.php\/serial-pomoc-domowa-w-tv-puls\/"},"modified":"2011-05-10T10:39:35","modified_gmt":"2011-05-10T08:39:35","slug":"serial-pomoc-domowa-w-tv-puls","status":"publish","type":"post","link":"https:\/\/mediarun.com\/pl\/marketing\/serial-pomoc-domowa-w-tv-puls.html","title":{"rendered":"Serial &#8222;Pomoc domowa&#8221; w TV Puls"},"content":{"rendered":"<p>Od poniedzia\u0142ku, 16 maja, stacja emitowa\u0107 b\u0119dzie sitcom &#8222;Pomoc domowa&#8221;. Widzowie zobacz\u0105 a\u017c 10 odcink&oacute;w tygodniowo. TV Puls b\u0119dzie prezentowa\u0107 po 2 odcinki dziennie, od poniedzia\u0142ku do pi\u0105tku, w godz. 20.30 &#8211; 21.30. Powt&oacute;rki b\u0119dzie mo\u017cna zobaczy\u0107 w soboty, od godz. 16.30 do 18.30.<\/p>\n<p>Serial &#8222;Pomoc domowa&#8221; przedstawia perypetie Fran, kt&oacute;ra jako sprzedawczyni kosmetyk&oacute;w trafia do domu s\u0142ynnego producenta &#8211; wdowca Maxa Sheffielda &#8211; i zupe\u0142nie niespodziewanie zostaje niani\u0105 tr&oacute;jki jego dzieci.<\/p>\n<p>Fran Drescher za rol\u0119 swojej imienniczki zosta\u0142a dwukrotnie nominowana do nagrody Emmy oraz &#8211; r&oacute;wnie\u017c dwukrotnie &#8211; do Z\u0142otego Globu.<\/p>\n","protected":false},"excerpt":{"rendered":"W maju w TV Puls zago\u015bci niania Fran Fine. Jej przygody b\u0119dzie mo\u017cna ogl\u0105da\u0107 od 16 maja w serialu komediowym &#8222;Pomoc domowa&#8221;.","protected":false},"author":1,"featured_media":16544,"comment_status":"open","ping_status":"closed","sticky":false,"template":"","format":"standard","meta":{"csco_display_header_overlay":false,"csco_singular_sidebar":"","csco_page_header_type":"","csco_page_load_nextpost":"","csco_post_video_location":[],"csco_post_video_location_hash":"","csco_post_video_url":"","csco_post_video_bg_start_time":0,"csco_post_video_bg_end_time":0,"footnotes":""},"categories":[],"tags":[461],"class_list":{"0":"post-16543","1":"post","2":"type-post","3":"status-publish","4":"format-standard","5":"has-post-thumbnail","7":"tag-tv-puls","8":"cs-entry","9":"cs-video-wrap"},"_links":{"self":[{"href":"https:\/\/mediarun.com\/pl\/wp-json\/wp\/v2\/posts\/16543","targetHints":{"allow":["GET"]}}],"collection":[{"href":"https:\/\/mediarun.com\/pl\/wp-json\/wp\/v2\/posts"}],"about":[{"href":"https:\/\/mediarun.com\/pl\/wp-json\/wp\/v2\/types\/post"}],"author":[{"embeddable":true,"href":"https:\/\/mediarun.com\/pl\/wp-json\/wp\/v2\/users\/1"}],"replies":[{"embeddable":true,"href":"https:\/\/mediarun.com\/pl\/wp-json\/wp\/v2\/comments?post=16543"}],"version-history":[{"count":0,"href":"https:\/\/mediarun.com\/pl\/wp-json\/wp\/v2\/posts\/16543\/revisions"}],"wp:featuredmedia":[{"embeddable":true,"href":"https:\/\/mediarun.com\/pl\/wp-json\/wp\/v2\/media\/16544"}],"wp:attachment":[{"href":"https:\/\/mediarun.com\/pl\/wp-json\/wp\/v2\/media?parent=16543"}],"wp:term":[{"taxonomy":"category","embeddable":true,"href":"https:\/\/mediarun.com\/pl\/wp-json\/wp\/v2\/categories?post=16543"},{"taxonomy":"post_tag","embeddable":true,"href":"https:\/\/mediarun.com\/pl\/wp-json\/wp\/v2\/tags?post=16543"}],"curies":[{"name":"wp","href":"https:\/\/api.w.org\/{rel}","templated":true}]}}