{"id":165413,"date":"2016-02-02T13:04:23","date_gmt":"2016-02-02T12:04:23","guid":{"rendered":"https:\/\/mediarun.com\/pl\/?p=165413"},"modified":"2016-02-02T13:04:23","modified_gmt":"2016-02-02T12:04:23","slug":"prowly-z-szefem-komunikacji","status":"publish","type":"post","link":"https:\/\/mediarun.com\/pl\/marketing\/prowly-z-szefem-komunikacji.html","title":{"rendered":"Prowly z szefem komunikacji"},"content":{"rendered":"<h5 class=\"lp-tagline\">Do zespo\u0142u Prowly na stanowisko Communications Lead do\u0142\u0105czy\u0142 Rafa\u0142 Sa\u0142ak. B\u0119dzie odpowiedzialny za globaln\u0105 komunikacj\u0119 firmy.<\/h5>\n<p>&nbsp;<\/p>\n<div>Z pocz\u0105tkiem lutego 2016 r. do zespo\u0142u\u00a0Prowly\u00a0do\u0142\u0105czy\u0142\u00a0Rafa\u0142 Sa\u0142ak, kt\u00f3ry w polskim start-upie obj\u0105\u0142 stanowisko szefa komunikacji. Do jego g\u0142\u00f3wnych zada\u0144 nale\u017cy przygotowanie strategii komunikacji Prowly oraz jej realizacja na rynkach zagranicznych i w Polsce.<\/div>\n<div><\/div>\n<div>Rafa\u0142 Sa\u0142ak jest zwi\u0105zany z bran\u017c\u0105 PR od 2012 roku. Przed do\u0142\u0105czeniem do Prowly przez 3 lata by\u0142 konsultantem w agencji Hill+Knowlton Strategies, gdzie pracowa\u0142 dla takich klient\u00f3w jak\u00a0Spotify,\u00a0Facebook,\u00a0CI Games\u00a0czy\u00a0Wacom. Jest laureatem bran\u017cowych nagr\u00f3d i wyr\u00f3\u017cnie\u0144, m.in. SABRE Award 2015 i Z\u0142oty Spinacz 2015 (wraz z zespo\u0142em) za kampani\u0119 promocyjn\u0105 gry Lords of the Fallen, czy PRoton 2015 dla najlepszego zespo\u0142u w kategorii \u201eOsoba\/zesp\u00f3\u0142 w firmie PR-owskiej\u201d w Polsce. Uko\u0144czy\u0142 Uniwersytet Jagiello\u0144ski w Krakowie.<\/div>\n<div><\/div>\n<div>W ubieg\u0142ym tygodniu Prowly informowa\u0142o o pozyskaniu kolejnej rundy inwestycyjnej. Inwestorzy Internet Ventures FIZ &#8211; fundusz zarz\u0105dzany przez Grup\u0119 Private Equity Managers, oraz Bluerank &#8211; agencja marketingu online przeka\u017c\u0105 do 4,5 mln z\u0142 na ekspansj\u0119 zagraniczn\u0105 Prowly.<\/div>\n<div><\/div>\n<div>Prowly to platforma B2B pomagaj\u0105ca budowa\u0107 publik\u0119 wok\u00f3\u0142 marki czy firmy. Gwarantuje popraw\u0119 organizacji pracy os\u00f3b i ca\u0142ych zespo\u0142\u00f3w zajmuj\u0105cych si\u0119 PR-em w firmach poprzez mo\u017cliwo\u015b\u0107 integracji procesu komunikacji z mediami oraz liderami opinii w jednym, intuicyjnym narz\u0119dziu.<\/div>\n","protected":false},"excerpt":{"rendered":"Do zespo\u0142u Prowly na stanowisko Communications Lead do\u0142\u0105czy\u0142 Rafa\u0142 Sa\u0142ak. B\u0119dzie odpowiedzialny za globaln\u0105 komunikacj\u0119 firmy. &nbsp; Z&hellip;","protected":false},"author":17,"featured_media":165414,"comment_status":"open","ping_status":"closed","sticky":false,"template":"","format":"standard","meta":{"csco_display_header_overlay":false,"csco_singular_sidebar":"","csco_page_header_type":"","csco_page_load_nextpost":"","csco_post_video_location":[],"csco_post_video_location_hash":"","csco_post_video_url":"","csco_post_video_bg_start_time":0,"csco_post_video_bg_end_time":0,"footnotes":""},"categories":[9639,9648],"tags":[9479,9478],"class_list":{"0":"post-165413","1":"post","2":"type-post","3":"status-publish","4":"format-standard","5":"has-post-thumbnail","7":"category-marketing","8":"category-pr","9":"tag-prowly","10":"tag-rafal-salak","11":"cs-entry","12":"cs-video-wrap"},"_links":{"self":[{"href":"https:\/\/mediarun.com\/pl\/wp-json\/wp\/v2\/posts\/165413","targetHints":{"allow":["GET"]}}],"collection":[{"href":"https:\/\/mediarun.com\/pl\/wp-json\/wp\/v2\/posts"}],"about":[{"href":"https:\/\/mediarun.com\/pl\/wp-json\/wp\/v2\/types\/post"}],"author":[{"embeddable":true,"href":"https:\/\/mediarun.com\/pl\/wp-json\/wp\/v2\/users\/17"}],"replies":[{"embeddable":true,"href":"https:\/\/mediarun.com\/pl\/wp-json\/wp\/v2\/comments?post=165413"}],"version-history":[{"count":0,"href":"https:\/\/mediarun.com\/pl\/wp-json\/wp\/v2\/posts\/165413\/revisions"}],"wp:featuredmedia":[{"embeddable":true,"href":"https:\/\/mediarun.com\/pl\/wp-json\/wp\/v2\/media\/165414"}],"wp:attachment":[{"href":"https:\/\/mediarun.com\/pl\/wp-json\/wp\/v2\/media?parent=165413"}],"wp:term":[{"taxonomy":"category","embeddable":true,"href":"https:\/\/mediarun.com\/pl\/wp-json\/wp\/v2\/categories?post=165413"},{"taxonomy":"post_tag","embeddable":true,"href":"https:\/\/mediarun.com\/pl\/wp-json\/wp\/v2\/tags?post=165413"}],"curies":[{"name":"wp","href":"https:\/\/api.w.org\/{rel}","templated":true}]}}