{"id":165374,"date":"2016-02-01T16:20:48","date_gmt":"2016-02-01T15:20:48","guid":{"rendered":"https:\/\/mediarun.com\/pl\/?p=165374"},"modified":"2016-02-01T16:20:48","modified_gmt":"2016-02-01T15:20:48","slug":"fakt-z-nowym-zastepca-redaktora-naczelnego","status":"publish","type":"post","link":"https:\/\/mediarun.com\/pl\/media\/fakt-z-nowym-zastepca-redaktora-naczelnego.html","title":{"rendered":"Fakt z nowym zast\u0119pc\u0105 redaktora naczelnego"},"content":{"rendered":"<p lang=\"en-US\"><span style=\"font-family: Times,serif;\"><span style=\"font-size: small;\"><span style=\"color: #222222;\"><span style=\"font-family: Arial,serif;\"><span style=\"font-size: x-large;\"><span lang=\"pl-PL\"><b>Marcin Walter nowym zast\u0119pc\u0105 redaktora naczelnego Faktu<\/b><\/span><\/span><\/span><\/span><\/span><\/span><\/p>\n<p lang=\"en-US\"><span style=\"color: #222222;\">\u00a0<\/span><\/p>\n<p lang=\"en-US\"><span style=\"font-family: Times,serif;\"><span style=\"font-size: small;\"><span style=\"color: #222222;\"><span style=\"font-family: Arial,serif;\"><span style=\"font-size: large;\"><span lang=\"pl-PL\">Z pocz\u0105tkiem lutego do redakcji Faktu do\u0142\u0105czy\u0142 Marcin Walter, kt\u00f3ry obj\u0105\u0142 funkcj\u0119 zast\u0119pcy redaktora naczelnego. B\u0119dzie odpowiedzialny za jako\u015b\u0107 tre\u015bci, kt\u00f3re powstaj\u0105 w newsroomie Faktu i s\u0105 publikowane we wszystkich kana\u0142ach dystrybucji.<\/span><\/span><\/span><\/span><\/span><\/span><\/p>\n<p lang=\"en-US\"><span style=\"color: #222222;\">\u00a0<\/span><\/p>\n<p lang=\"en-US\"><span style=\"font-family: Times,serif;\"><span style=\"font-size: small;\"><span style=\"color: #222222;\"><span style=\"font-family: Arial,serif;\"><span style=\"font-size: large;\"><span lang=\"pl-PL\">R\u00f3wnocze\u015bnie na stanowisko zast\u0119pcy redaktora naczelnego awansuje Maciej Kabro\u0144ski, szef Fakt24.pl, kt\u00f3ry w strukturze newsroomie Faktu b\u0119dzie odpowiada\u0142 za kana\u0142 online, a w szczeg\u00f3lno\u015bci za rozw\u00f3j mobile\u2019a, kt\u00f3ry w 2016 roku jest strategicznym priorytetem Grupy Onet-RASP.<\/span><\/span><\/span><\/span><\/span><\/span><\/p>\n<p lang=\"en-US\"><span style=\"color: #222222;\">\u00a0<\/span><\/p>\n<figure id=\"attachment_165375\" aria-describedby=\"caption-attachment-165375\" style=\"width: 418px\" class=\"wp-caption alignnone\"><a href=\"https:\/\/mediarun.com\/wp-content\/uploads\/2016\/02\/Maciej_Kabronski-1.jpg\"><img fetchpriority=\"high\" decoding=\"async\" class=\" wp-image-165375\" src=\"https:\/\/mediarun.com\/wp-content\/uploads\/2016\/02\/Maciej_Kabronski-1.jpg\" alt=\"5.11.2014 MACIEJ KABRONSKI SZEF WYDAN CYFROWYCH,  HEAD OF DIGITAL . FOT. PAWEL STEPNIEWSKI\" width=\"418\" height=\"627\" title=\"\" srcset=\"https:\/\/mediarun.com\/pl\/wp-content\/uploads\/2016\/02\/Maciej_Kabronski-1.jpg 800w, https:\/\/mediarun.com\/pl\/wp-content\/uploads\/2016\/02\/Maciej_Kabronski-1-467x700.jpg 467w\" sizes=\"(max-width: 418px) 100vw, 418px\" \/><\/a><figcaption id=\"caption-attachment-165375\" class=\"wp-caption-text\">5.11.2014 MACIEJ KABRONSKI SZEF WYDAN CYFROWYCH, HEAD OF DIGITAL .<br \/>FOT. PAWEL STEPNIEWSKI<\/figcaption><\/figure>\n<p lang=\"en-US\"><span style=\"font-family: Times,serif;\"><span style=\"font-size: small;\"><span style=\"color: #222222;\"><span style=\"font-family: Arial,serif;\"><span style=\"font-size: large;\"><span lang=\"pl-PL\">Marcin Walter pracowa\u0142 poprzednio w Radiu Zet, z kt\u00f3rym by\u0142 zwi\u0105zany przez 9 lat. Pe\u0142ni\u0142 tam funkcj\u0119 zast\u0119pcy dyrektora informacji. W swojej szesnastoletniej karierze dziennikarskiej by\u0142 r\u00f3wnie\u017c researcherem, wydawc\u0105, producentem, prezenterem wiadomo\u015bci, prowadz\u0105cym pasmo i reporterem. Zaczyna\u0142 w studenckim Radiu Sfera, potem pracowa\u0142 m. in. dla Radia ESKA i TVN 24. Marcin jest absolwentem anglistyki na Uniwersytecie Miko\u0142aja Kopernika w Toruniu.<\/span><\/span><\/span><\/span><\/span><\/span><\/p>\n<p lang=\"en-US\"><span style=\"color: #222222;\">\u00a0<\/span><\/p>\n","protected":false},"excerpt":{"rendered":"Marcin Walter nowym zast\u0119pc\u0105 redaktora naczelnego Faktu \u00a0 Z pocz\u0105tkiem lutego do redakcji Faktu do\u0142\u0105czy\u0142 Marcin Walter, kt\u00f3ry&hellip;","protected":false},"author":17,"featured_media":165376,"comment_status":"open","ping_status":"closed","sticky":false,"template":"","format":"standard","meta":{"csco_display_header_overlay":false,"csco_singular_sidebar":"","csco_page_header_type":"","csco_page_load_nextpost":"","csco_post_video_location":[],"csco_post_video_location_hash":"","csco_post_video_url":"","csco_post_video_bg_start_time":0,"csco_post_video_bg_end_time":0,"footnotes":""},"categories":[9668,9673],"tags":[125,9461,9460,5280,973,4986],"class_list":{"0":"post-165374","1":"post","2":"type-post","3":"status-publish","4":"format-standard","5":"has-post-thumbnail","7":"category-media","8":"category-prasa","9":"tag-fakt","10":"tag-maciej-kabronski","11":"tag-marcin-walter","12":"tag-onet-rasp","13":"tag-radio-eska","14":"tag-tvn-24","15":"cs-entry","16":"cs-video-wrap"},"_links":{"self":[{"href":"https:\/\/mediarun.com\/pl\/wp-json\/wp\/v2\/posts\/165374","targetHints":{"allow":["GET"]}}],"collection":[{"href":"https:\/\/mediarun.com\/pl\/wp-json\/wp\/v2\/posts"}],"about":[{"href":"https:\/\/mediarun.com\/pl\/wp-json\/wp\/v2\/types\/post"}],"author":[{"embeddable":true,"href":"https:\/\/mediarun.com\/pl\/wp-json\/wp\/v2\/users\/17"}],"replies":[{"embeddable":true,"href":"https:\/\/mediarun.com\/pl\/wp-json\/wp\/v2\/comments?post=165374"}],"version-history":[{"count":0,"href":"https:\/\/mediarun.com\/pl\/wp-json\/wp\/v2\/posts\/165374\/revisions"}],"wp:featuredmedia":[{"embeddable":true,"href":"https:\/\/mediarun.com\/pl\/wp-json\/wp\/v2\/media\/165376"}],"wp:attachment":[{"href":"https:\/\/mediarun.com\/pl\/wp-json\/wp\/v2\/media?parent=165374"}],"wp:term":[{"taxonomy":"category","embeddable":true,"href":"https:\/\/mediarun.com\/pl\/wp-json\/wp\/v2\/categories?post=165374"},{"taxonomy":"post_tag","embeddable":true,"href":"https:\/\/mediarun.com\/pl\/wp-json\/wp\/v2\/tags?post=165374"}],"curies":[{"name":"wp","href":"https:\/\/api.w.org\/{rel}","templated":true}]}}