{"id":165025,"date":"2016-01-22T14:08:32","date_gmt":"2016-01-22T13:08:32","guid":{"rendered":"https:\/\/mediarun.com\/pl\/?p=165025"},"modified":"2016-01-22T14:08:32","modified_gmt":"2016-01-22T13:08:32","slug":"miedzynarodowy-awans-w-strukturach-mediacom","status":"publish","type":"post","link":"https:\/\/mediarun.com\/pl\/marketing\/miedzynarodowy-awans-w-strukturach-mediacom.html","title":{"rendered":"Mi\u0119dzynarodowy awans w strukturach MediaCom"},"content":{"rendered":"<p><strong>Micha\u0142 Buszko pokieruje globalnym rozwojem video w sieci MediaCom.\u00a0<\/strong><strong>Buszko awansowa\u0142 w globalnych strukturach MediaCom. R\u00f3wnocze\u015bnie zosta\u0142 cz\u0142onkiem IAB Europe.<\/strong><\/p>\n<p>Micha\u0142 Buszko, <strong>Investment Associate Director<\/strong> w MediaCom Warszawa, awansowa\u0142 w mi\u0119dzynarodowych strukturach sieci, gdzie obj\u0105\u0142 stanowisko <strong>Global Video Associate Director<\/strong>.<\/p>\n<p>Na nowym stanowisku b\u0119dzie odpowiedzialny m.in. za opracowanie i realizacj\u0119 globalnej strategii rozwoju Video, w tym przede wszystkim rozw\u00f3j urz\u0105dze\u0144 do optymalizacji kampanii Video (TV&amp;Online Video). Do jego nowych kompetencji nale\u017ce\u0107 tak\u017ce b\u0119d\u0105 wsp\u00f3\u0142praca z globalnymi partnerami technologicznym, w celu stworzenia narz\u0119dzi u\u0142atwiaj\u0105cych prac\u0119 w coraz bardziej zautomatyzowanym \u015bwiecie oraz opracowania produkt\u00f3w dopasowanych do potrzeb poszczeg\u00f3lnych oddzia\u0142\u00f3w MediaComu i ich klient\u00f3w.<\/p>\n<p>Micha\u0142 od pi\u0119ciu lat jest cz\u0142onkiem jednej z grup roboczych IAB, odpowiedzialnej za audio-video. W z zwi\u0105zku ze zmian\u0105 roli w firmie, Micha\u0142 do\u0142\u0105czy\u0142 tak\u017ce do europejskiego IAB, gdzie tak\u017ce b\u0119dzie zajmowa\u0142 si\u0119 video.<\/p>\n<p>Swoje nowe, mi\u0119dzynarodowe obowi\u0105zki b\u0119dzie dzieli\u0142 pomi\u0119dzy prac\u0105 w londy\u0144skiej centrali firmy, a w polskim oddzia\u0142em sieci MediaCom, w kt\u00f3rym nadal b\u0119dzie rozwija\u0142 kompetencje agencji w obszarze video.<\/p>\n<p>Micha\u0142 w MediaCom Warszawa pracuje od 2007 r. Jest absolwentem Akademii im. Leona Ko\u017ami\u0144skiego. Prywatnie uwielbia sp\u0119dza\u0107 czas z rodzin\u0105 i uprawia\u0107 sport.<\/p>\n","protected":false},"excerpt":{"rendered":"Micha\u0142 Buszko pokieruje globalnym rozwojem video w sieci MediaCom.\u00a0Buszko awansowa\u0142 w globalnych strukturach MediaCom. R\u00f3wnocze\u015bnie zosta\u0142 cz\u0142onkiem IAB&hellip;","protected":false},"author":17,"featured_media":165026,"comment_status":"open","ping_status":"closed","sticky":false,"template":"","format":"standard","meta":{"csco_display_header_overlay":false,"csco_singular_sidebar":"","csco_page_header_type":"","csco_page_load_nextpost":"","csco_post_video_location":[],"csco_post_video_location_hash":"","csco_post_video_url":"","csco_post_video_bg_start_time":0,"csco_post_video_bg_end_time":0,"footnotes":""},"categories":[9639],"tags":[9337,831],"class_list":{"0":"post-165025","1":"post","2":"type-post","3":"status-publish","4":"format-standard","5":"has-post-thumbnail","7":"category-marketing","8":"tag-iab-europe","9":"tag-mediacom","10":"cs-entry","11":"cs-video-wrap"},"_links":{"self":[{"href":"https:\/\/mediarun.com\/pl\/wp-json\/wp\/v2\/posts\/165025","targetHints":{"allow":["GET"]}}],"collection":[{"href":"https:\/\/mediarun.com\/pl\/wp-json\/wp\/v2\/posts"}],"about":[{"href":"https:\/\/mediarun.com\/pl\/wp-json\/wp\/v2\/types\/post"}],"author":[{"embeddable":true,"href":"https:\/\/mediarun.com\/pl\/wp-json\/wp\/v2\/users\/17"}],"replies":[{"embeddable":true,"href":"https:\/\/mediarun.com\/pl\/wp-json\/wp\/v2\/comments?post=165025"}],"version-history":[{"count":0,"href":"https:\/\/mediarun.com\/pl\/wp-json\/wp\/v2\/posts\/165025\/revisions"}],"wp:featuredmedia":[{"embeddable":true,"href":"https:\/\/mediarun.com\/pl\/wp-json\/wp\/v2\/media\/165026"}],"wp:attachment":[{"href":"https:\/\/mediarun.com\/pl\/wp-json\/wp\/v2\/media?parent=165025"}],"wp:term":[{"taxonomy":"category","embeddable":true,"href":"https:\/\/mediarun.com\/pl\/wp-json\/wp\/v2\/categories?post=165025"},{"taxonomy":"post_tag","embeddable":true,"href":"https:\/\/mediarun.com\/pl\/wp-json\/wp\/v2\/tags?post=165025"}],"curies":[{"name":"wp","href":"https:\/\/api.w.org\/{rel}","templated":true}]}}