{"id":165003,"date":"2016-01-22T10:47:58","date_gmt":"2016-01-22T09:47:58","guid":{"rendered":"https:\/\/mediarun.com\/pl\/?p=165003"},"modified":"2016-01-22T10:52:32","modified_gmt":"2016-01-22T09:52:32","slug":"ilu-polakow-oszczedza-z-mysla-o-emeryturze","status":"publish","type":"post","link":"https:\/\/mediarun.com\/pl\/trendy\/badania\/ilu-polakow-oszczedza-z-mysla-o-emeryturze.html","title":{"rendered":"Ilu Polak\u00f3w oszcz\u0119dza z my\u015bl\u0105 emeryturze?"},"content":{"rendered":"<p><strong>Dzie\u0144 Babci i Dziadka &#8211; przewrotnie warto pomy\u015ble\u0107 w tym dniu tak\u017ce o swojej przysz\u0142o\u015bci \u2013<\/strong> <strong>wed\u0142ug szacunk\u00f3w ZUS dzisiejsi 30-latkowie mog\u0105 liczy\u0107 na emerytur\u0119 w wysoko\u015bci oko\u0142o 30 proc. ostatniej pensji. Pomimo to, jak pokazuje raport Fundacji Kronenberga \u201ePostawy Polak\u00f3w wobec finans\u00f3w\u201d,\u00a0jedynie co pi\u0105ty pracuj\u0105cy (21 proc.) oszcz\u0119dza z my\u015bl\u0105 o emeryturze.\u00a0 <\/strong><\/p>\n<blockquote><p><em>\u2013 Nasze oszcz\u0119dzanie jest kr\u00f3tkotrwa\u0142e i nie obejmuje niestety perspektywy d\u0142ugoterminowej<\/em> \u2013 m\u00f3wi Prezes Fundacji Kronenberga Krzysztof Kaczmar. \u2013 <em>Pomimo, tego, \u017ce temat niskich emerytur jest szeroko dyskutowany w mediach, niewielu z\u00a0nas my\u015bli o tym, \u017ceby zadba\u0107 o swoje finanse w ci\u0105gu nast\u0119pnych kilkudziesi\u0119ciu lat. Emerytura to dla nas co\u015b bardzo odleg\u0142ego, wr\u0119cz abstrakcyjnego,- a\u017c 13 proc badanych przez nas Polak\u00f3w w og\u00f3le nie my\u015bli o finansach na ten czas \u2013 <\/em>podkre\u015bla.<\/p><\/blockquote>\n<p>Jako spo\u0142ecze\u0144stwo starzejemy si\u0119 coraz szybciej \u2013 w raporcie \u201eSytuacja demograficzna os\u00f3b starszych i konsekwencje starzenia si\u0119 ludno\u015bci Polski w \u015bwietle prognozy na lata 2014-2050\u201d, GUS szacuje, \u017ce liczba emeryt\u00f3w wzro\u015bnie z oko\u0142o 7 mln w 2013 r. do blisko 10 mln w roku 2050.<\/p>\n<p>Z szacunk\u00f3w GUS wynika te\u017c, \u017ce na emeryturze \u017cyjemy przeci\u0119tnie ok. 20 lat. Zatem to, na jakim b\u0119dziemy \u017cy\u0107 za kilkadziesi\u0105t lat, zale\u017cy w du\u017cym stopniu od nas, tym bardziej, \u017ce braki w portfelu s\u0105 problemem wi\u0119kszo\u015bci dzisiejszych emeryt\u00f3w. Chocia\u017c blisko po\u0142owa pracuj\u0105cych Polak\u00f3w (49 proc.) przewiduje, \u017ce ich emerytura b\u0119dzie ni\u017csza od obecnych, tylko co pi\u0105ty z nas odk\u0142ada \u015brodki z my\u015bl\u0105 o niej. Co ciekawe, w\u015br\u00f3d przysz\u0142ych emeryt\u00f3w s\u0105 zar\u00f3wno skrajni pesymi\u015bci, jak i niepoprawni optymi\u015bci. 6 proc. respondent\u00f3w uwa\u017ca bowiem, \u017ce ich emerytura b\u0119dzie taka sama lub nawet wy\u017csza ni\u017c ich obecne wynagrodzenie, podczas gdy 7 proc. s\u0105dzi, \u017ce nie otrzyma \u017cadnego \u015bwiadczenia prognozuj\u0105c, \u017ce pa\u0144stwa nie b\u0119dzie sta\u0107 na nawet najni\u017csze emerytury. A\u017c 13 proc. pracuj\u0105cych Polak\u00f3w ca\u0142kowicie odrzuca natomiast temat staro\u015bci przyznaj\u0105c, \u017ce w og\u00f3le nie my\u015bli o finansowym aspekcie swojego \u017cycia na emeryturze.<\/p>\n<p>Rozpocz\u0119cie regularnego oszcz\u0119dzanie jest jednym z najcz\u0119\u015bciej podejmowanych noworocznych postanowie\u0144. Dzi\u015b ka\u017cdy z nas mo\u017ce sprawdzi\u0107 szacowan\u0105 wysoko\u015b\u0107 swojej przysz\u0142ej emerytury. By\u0107 mo\u017ce rozbie\u017cno\u015b\u0107 mi\u0119dzy aktualnymi zarobkami a tym, jak mog\u0105 wygl\u0105da\u0107 za kilkana\u015bcie lub kilkadziesi\u0105t lat zmotywuje nas do oszcz\u0119dzania. Tym bardziej, \u017ce jak przekonuj\u0105 eksperci, najwi\u0119ksz\u0105 przeszkod\u0105 w podj\u0119ciu decyzji o oszcz\u0119dzaniu wcale nie jest brak \u015brodk\u00f3w finansowych, tylko niekonsekwencja i brak kontroli nad w\u0142asnymi wydatkami.<\/p>\n","protected":false},"excerpt":{"rendered":"Dzie\u0144 Babci i Dziadka &#8211; przewrotnie warto pomy\u015ble\u0107 w tym dniu tak\u017ce o swojej przysz\u0142o\u015bci \u2013 wed\u0142ug szacunk\u00f3w&hellip;","protected":false},"author":17,"featured_media":163991,"comment_status":"open","ping_status":"closed","sticky":false,"template":"","format":"standard","meta":{"csco_display_header_overlay":false,"csco_singular_sidebar":"","csco_page_header_type":"","csco_page_load_nextpost":"","csco_post_video_location":[],"csco_post_video_location_hash":"","csco_post_video_url":"","csco_post_video_bg_start_time":0,"csco_post_video_bg_end_time":0,"footnotes":""},"categories":[9662],"tags":[9332,3913,9072,4098],"class_list":{"0":"post-165003","1":"post","2":"type-post","3":"status-publish","4":"format-standard","5":"has-post-thumbnail","7":"category-badania","8":"tag-emerytura","9":"tag-gus","10":"tag-oszczednosc","11":"tag-zus","12":"cs-entry","13":"cs-video-wrap"},"_links":{"self":[{"href":"https:\/\/mediarun.com\/pl\/wp-json\/wp\/v2\/posts\/165003","targetHints":{"allow":["GET"]}}],"collection":[{"href":"https:\/\/mediarun.com\/pl\/wp-json\/wp\/v2\/posts"}],"about":[{"href":"https:\/\/mediarun.com\/pl\/wp-json\/wp\/v2\/types\/post"}],"author":[{"embeddable":true,"href":"https:\/\/mediarun.com\/pl\/wp-json\/wp\/v2\/users\/17"}],"replies":[{"embeddable":true,"href":"https:\/\/mediarun.com\/pl\/wp-json\/wp\/v2\/comments?post=165003"}],"version-history":[{"count":0,"href":"https:\/\/mediarun.com\/pl\/wp-json\/wp\/v2\/posts\/165003\/revisions"}],"wp:featuredmedia":[{"embeddable":true,"href":"https:\/\/mediarun.com\/pl\/wp-json\/wp\/v2\/media\/163991"}],"wp:attachment":[{"href":"https:\/\/mediarun.com\/pl\/wp-json\/wp\/v2\/media?parent=165003"}],"wp:term":[{"taxonomy":"category","embeddable":true,"href":"https:\/\/mediarun.com\/pl\/wp-json\/wp\/v2\/categories?post=165003"},{"taxonomy":"post_tag","embeddable":true,"href":"https:\/\/mediarun.com\/pl\/wp-json\/wp\/v2\/tags?post=165003"}],"curies":[{"name":"wp","href":"https:\/\/api.w.org\/{rel}","templated":true}]}}