{"id":16451,"date":"2011-05-11T16:37:15","date_gmt":"2011-05-11T14:37:15","guid":{"rendered":"https:\/\/mediarun.com\/index.php\/we-wrzesniu-zobaczymy-czas-honoru-iv\/"},"modified":"2011-05-11T16:37:15","modified_gmt":"2011-05-11T14:37:15","slug":"we-wrzesniu-zobaczymy-czas-honoru-iv","status":"publish","type":"post","link":"https:\/\/mediarun.com\/pl\/marketing\/we-wrzesniu-zobaczymy-czas-honoru-iv.html","title":{"rendered":"We wrze\u015bniu zobaczymy &#8222;Czas honoru IV&#8221;"},"content":{"rendered":"<p>W kolejnej cz\u0119\u015bci serialu bohater&oacute;w &#8211; czterech m\u0142odych dywersant&oacute;w oraz ich bliskich &#8211; odnajdujemy nieca\u0142e trzy lata po wydarzeniach opisanych w cz\u0119\u015bci III. Jest kwiecie\u0144 1944 roku. Losy wojny zaczynaj\u0105 si\u0119 odwraca\u0107. W Polsce trwa okupacyjny terror, ale konspiracyjna Armia Krajowa zaczyna coraz cz\u0119\u015bciej przechodzi\u0107 do otwartej walki z okupantem.<\/p>\n<p>W IV cz\u0119\u015bci &#8222;Czasu honoru&#8221; zobaczymy m.in.: Macieja Zako\u015bcielnego, Jana Wieczorkowskiego, Jakuba Weso\u0142owskiego, Antoniego Pawlickiego, Piotra Adamczyka, Magdalen\u0119 R&oacute;\u017cczk\u0119, Karolin\u0119 Gorczyc\u0119 (na zdj\u0119ciu), Katarzyn\u0119 Gniewkowsk\u0105, Olg\u0119 Bo\u0142\u0105d\u017a, Agnieszk\u0119 Wi\u0119d\u0142och\u0119, Roberta Kozyr\u0119. Nowa, wa\u017cna i intryguj\u0105ca posta\u0107 IV cz\u0119\u015bci &#8222;Czasu honoru&#8221; to Karolina Osma\u0144ska, w tej roli  Magdalena Boczarska. Re\u017cyseria Micha\u0142 Rogalski, Micha\u0142 Rosa.<\/p>\n<p>Zdj\u0119cia do serialu potrwaj\u0105 do ko\u0144ca sierpnia. Serial realizowany jest g\u0142&oacute;wnie na terenie Warszawy, w miejscach gdzie jeszcze pozosta\u0142y fragmenty starej architektury.<\/p>\n<p>Nowe odcinki serialu b\u0119dzie mo\u017cna ogl\u0105da\u0107 w TVP2 we wrze\u015bniu.<\/p>\n<p>Serial &#8222;Czas honoru&#8221; cieszy si\u0119 du\u017c\u0105 popularno\u015bci\u0105, cho\u0107 liczba widz&oacute;w z sezonu na sezon maleje. Wed\u0142ug danych Nielsen Audience Measurement pierwszy sezon &#8222;Czasu honoru&#8221;, nadawany jesieni\u0105 2008 r., przyci\u0105gn\u0105\u0142 przed odbiorniki \u015brednio 2,9 mln os&oacute;b, a udzia\u0142 stacji w rynku w tym czasie antenowym ukszta\u0142towa\u0142 si\u0119 na poziomie 17,39 proc. Drug\u0105 seri\u0119 (emisja jesieni\u0105 2009 r.) ogl\u0105da\u0142o \u015brednio 2,6 mln widz&oacute;w, 16,06 proc. udzia\u0142u, a trzeci\u0105 (emisja jesieni\u0105 2010) &#8211; 2,4 mln widz&oacute;w, 15,46 proc. udzia\u0142u.<\/p>\n","protected":false},"excerpt":{"rendered":"Jesieni\u0105 br. widzowie Dw&oacute;jki b\u0119d\u0105 mogli ogl\u0105da\u0107 kolejny sezon serialu &#8222;Czas Honoru&#8221;.","protected":false},"author":1,"featured_media":16452,"comment_status":"open","ping_status":"closed","sticky":false,"template":"","format":"standard","meta":{"csco_display_header_overlay":false,"csco_singular_sidebar":"","csco_page_header_type":"","csco_page_load_nextpost":"","csco_post_video_location":[],"csco_post_video_location_hash":"","csco_post_video_url":"","csco_post_video_bg_start_time":0,"csco_post_video_bg_end_time":0,"footnotes":""},"categories":[],"tags":[610],"class_list":{"0":"post-16451","1":"post","2":"type-post","3":"status-publish","4":"format-standard","5":"has-post-thumbnail","7":"tag-tvp2","8":"cs-entry","9":"cs-video-wrap"},"_links":{"self":[{"href":"https:\/\/mediarun.com\/pl\/wp-json\/wp\/v2\/posts\/16451","targetHints":{"allow":["GET"]}}],"collection":[{"href":"https:\/\/mediarun.com\/pl\/wp-json\/wp\/v2\/posts"}],"about":[{"href":"https:\/\/mediarun.com\/pl\/wp-json\/wp\/v2\/types\/post"}],"author":[{"embeddable":true,"href":"https:\/\/mediarun.com\/pl\/wp-json\/wp\/v2\/users\/1"}],"replies":[{"embeddable":true,"href":"https:\/\/mediarun.com\/pl\/wp-json\/wp\/v2\/comments?post=16451"}],"version-history":[{"count":0,"href":"https:\/\/mediarun.com\/pl\/wp-json\/wp\/v2\/posts\/16451\/revisions"}],"wp:featuredmedia":[{"embeddable":true,"href":"https:\/\/mediarun.com\/pl\/wp-json\/wp\/v2\/media\/16452"}],"wp:attachment":[{"href":"https:\/\/mediarun.com\/pl\/wp-json\/wp\/v2\/media?parent=16451"}],"wp:term":[{"taxonomy":"category","embeddable":true,"href":"https:\/\/mediarun.com\/pl\/wp-json\/wp\/v2\/categories?post=16451"},{"taxonomy":"post_tag","embeddable":true,"href":"https:\/\/mediarun.com\/pl\/wp-json\/wp\/v2\/tags?post=16451"}],"curies":[{"name":"wp","href":"https:\/\/api.w.org\/{rel}","templated":true}]}}