{"id":16445,"date":"2011-05-11T17:06:15","date_gmt":"2011-05-11T15:06:15","guid":{"rendered":"https:\/\/mediarun.com\/index.php\/tvp1-zycie-nad-rozlewiskiem-toczy-sie-dalej\/"},"modified":"2011-05-11T17:06:15","modified_gmt":"2011-05-11T15:06:15","slug":"tvp1-zycie-nad-rozlewiskiem-toczy-sie-dalej","status":"publish","type":"post","link":"https:\/\/mediarun.com\/pl\/marketing\/tvp1-zycie-nad-rozlewiskiem-toczy-sie-dalej.html","title":{"rendered":"TVP1: &#8222;\u017bycie nad rozlewiskiem&#8221; toczy si\u0119 dalej"},"content":{"rendered":"<p>Jako pierwsi na planie pojawili si\u0119: Piotr Grabowski (Konrad), Ewa Bakalarska (Ada) i Olga Frycz (Marysia). Joanna Brodzik (Ma\u0142gosia) rozpocznie zdj\u0119cia 17 maja, a Ma\u0142gorzata Braunek (Basia)- 20 maja.<\/p>\n<p>Opr&oacute;cz znanych ju\u017c widzom postaci, kreowanych przez m.in.: Ann\u0119 Czartorysk\u0105 (Paula), Agnieszk\u0119 Mandat (Ka\u015bka) i Jerzego Schejbala (Tomasz), nad rozlewiskiem pojawi si\u0119 przystojny handlarz sztuk\u0105 &#8211; Piotr Polk.<\/p>\n<p>Ale nie tylko w \u017cyciu uczuciowym g\u0142&oacute;wnej bohaterki co\u015b si\u0119 zmieni. Ma\u0142\u017ce\u0144stwo Joanny Drozdy (Elwira) tak\u017ce przejdzie uczuciow\u0105 pr&oacute;b\u0119. Z kolei w \u017cyciu Marysi pojawi si\u0119 Krzysztof (Mateusz Janicki), a zwi\u0105zek serialowej Ewy Stern (Maria Pakulnis) i Piernackiego (Wojciech Droszczy\u0144ski) nabierze tempa.<\/p>\n<p>Zdj\u0119cia w Warszawie potrwaj\u0105 do 30 maja, a na pocz\u0105tku czerwca ekipa przeniesie si\u0119 na Mazury w okolice Ostr&oacute;dy, gdzie znaleziono nowe obiekty zdj\u0119ciowe. Zdj\u0119cia potrwaj\u0105 do 12 sierpnia. Producentem wykonawczym jest Agencja Telewizyjna Zoom.<\/p>\n<p>Przypomnijmy, \u017ce jesieni\u0105 2009 r. TVP1 emitowa\u0142a w niedzielne wieczory &#8222;Dom nad rozlewiskiem&#8221;, kt&oacute;ry gromadzi\u0142 przed odbiornikami \u015brednio 4,7 mln widz&oacute;w, 27,07 proc. udzia\u0142u w rynku. Natomiast kontynuacja formatu zatytu\u0142owana&#8221;Mi\u0142o\u015b\u0107 na rozlewiskiem&#8221; (emisja jesieni\u0105 2010 r.) przyci\u0105ga\u0142a \u015brenio 4,5 mln widz&oacute;w, 26,32 proc. udzia\u0142u (dane: Nielsen Audience Measurement, w grupie wszyscy 4+).<\/p>\n","protected":false},"excerpt":{"rendered":"10 maja ekipa produkcyjna serialu &#8222;\u017bycie nad rozlewiskiem&#8221; rozpocz\u0119\u0142a prace nad kolejnymi odcinkami serialu, kt&oacute;ry widzowie zobacz\u0105 jesieni\u0105 w TVP1.","protected":false},"author":1,"featured_media":16446,"comment_status":"open","ping_status":"closed","sticky":false,"template":"","format":"standard","meta":{"csco_display_header_overlay":false,"csco_singular_sidebar":"","csco_page_header_type":"","csco_page_load_nextpost":"","csco_post_video_location":[],"csco_post_video_location_hash":"","csco_post_video_url":"","csco_post_video_bg_start_time":0,"csco_post_video_bg_end_time":0,"footnotes":""},"categories":[],"tags":[558],"class_list":{"0":"post-16445","1":"post","2":"type-post","3":"status-publish","4":"format-standard","5":"has-post-thumbnail","7":"tag-tvp1","8":"cs-entry","9":"cs-video-wrap"},"_links":{"self":[{"href":"https:\/\/mediarun.com\/pl\/wp-json\/wp\/v2\/posts\/16445","targetHints":{"allow":["GET"]}}],"collection":[{"href":"https:\/\/mediarun.com\/pl\/wp-json\/wp\/v2\/posts"}],"about":[{"href":"https:\/\/mediarun.com\/pl\/wp-json\/wp\/v2\/types\/post"}],"author":[{"embeddable":true,"href":"https:\/\/mediarun.com\/pl\/wp-json\/wp\/v2\/users\/1"}],"replies":[{"embeddable":true,"href":"https:\/\/mediarun.com\/pl\/wp-json\/wp\/v2\/comments?post=16445"}],"version-history":[{"count":0,"href":"https:\/\/mediarun.com\/pl\/wp-json\/wp\/v2\/posts\/16445\/revisions"}],"wp:featuredmedia":[{"embeddable":true,"href":"https:\/\/mediarun.com\/pl\/wp-json\/wp\/v2\/media\/16446"}],"wp:attachment":[{"href":"https:\/\/mediarun.com\/pl\/wp-json\/wp\/v2\/media?parent=16445"}],"wp:term":[{"taxonomy":"category","embeddable":true,"href":"https:\/\/mediarun.com\/pl\/wp-json\/wp\/v2\/categories?post=16445"},{"taxonomy":"post_tag","embeddable":true,"href":"https:\/\/mediarun.com\/pl\/wp-json\/wp\/v2\/tags?post=16445"}],"curies":[{"name":"wp","href":"https:\/\/api.w.org\/{rel}","templated":true}]}}