{"id":16439,"date":"2011-05-11T21:15:51","date_gmt":"2011-05-11T19:15:51","guid":{"rendered":"https:\/\/mediarun.com\/index.php\/ekstraklasa-w-canal-i-eurosporcie\/"},"modified":"2011-05-11T21:15:51","modified_gmt":"2011-05-11T19:15:51","slug":"ekstraklasa-w-canal-i-eurosporcie","status":"publish","type":"post","link":"https:\/\/mediarun.com\/pl\/marketing\/ekstraklasa-w-canal-i-eurosporcie.html","title":{"rendered":"Ekstraklasa w Canal+ i Eurosporcie!"},"content":{"rendered":"<p>W wyniku zwyci\u0119stwa w przetargu Canal+ jest posiadaczem pe\u0142ni praw do relacjonowania rozgrywek Ekstraklasy.<\/p>\n<p>&#8211; Widzowie Canal+ Sport b\u0119d\u0105 mogli ogl\u0105da\u0107 od rundy jesiennej na \u017cywo i w HD wszystkie mecze kolejki a nie jak dotychczas tylko niekt&oacute;re. Cz\u0119\u015b\u0107 spotka\u0144 b\u0119dzie r&oacute;wnie\u017c pokazywana w&nbsp;formacie 3D &#8211; zapowiada Jacek Okie\u0144czyc, dyrektor sportu w Canal+.<\/p>\n<p>W ramach sublicencji wybrane mecze b\u0119dzie mo\u017cna ogl\u0105da\u0107 r&oacute;wnie\u017c na&nbsp;kana\u0142ach Grupy Polsat (Polsat Sport, Polsat Futbol, TV4) i Eurosport (poniedzia\u0142kowe mecze). Ekstraklasa zniknie za to z oferty kana\u0142u Orange Sport.<\/p>\n<p>Nie wiadomo ile Canal+ zap\u0142aci za prawa do pokazywania mecz&oacute;w Ekstraklasy w sezonach 2011\/2012, 2012\/2013 i 2013\/2014.<\/p>\n","protected":false},"excerpt":{"rendered":"Canal+ pozyska\u0142 prawa do prezentowania wszystkich mecz&oacute;w Ekstraklasy w latach 2011-2014. W ramach sublicencji wybrane spotkania poka\u017c\u0105 Polsat i Eurosport.","protected":false},"author":1,"featured_media":16440,"comment_status":"open","ping_status":"closed","sticky":false,"template":"","format":"standard","meta":{"csco_display_header_overlay":false,"csco_singular_sidebar":"","csco_page_header_type":"","csco_page_load_nextpost":"","csco_post_video_location":[],"csco_post_video_location_hash":"","csco_post_video_url":"","csco_post_video_bg_start_time":0,"csco_post_video_bg_end_time":0,"footnotes":""},"categories":[],"tags":[518,672,97],"class_list":{"0":"post-16439","1":"post","2":"type-post","3":"status-publish","4":"format-standard","5":"has-post-thumbnail","7":"tag-canal","8":"tag-eurosport","9":"tag-polsat","10":"cs-entry","11":"cs-video-wrap"},"_links":{"self":[{"href":"https:\/\/mediarun.com\/pl\/wp-json\/wp\/v2\/posts\/16439","targetHints":{"allow":["GET"]}}],"collection":[{"href":"https:\/\/mediarun.com\/pl\/wp-json\/wp\/v2\/posts"}],"about":[{"href":"https:\/\/mediarun.com\/pl\/wp-json\/wp\/v2\/types\/post"}],"author":[{"embeddable":true,"href":"https:\/\/mediarun.com\/pl\/wp-json\/wp\/v2\/users\/1"}],"replies":[{"embeddable":true,"href":"https:\/\/mediarun.com\/pl\/wp-json\/wp\/v2\/comments?post=16439"}],"version-history":[{"count":0,"href":"https:\/\/mediarun.com\/pl\/wp-json\/wp\/v2\/posts\/16439\/revisions"}],"wp:featuredmedia":[{"embeddable":true,"href":"https:\/\/mediarun.com\/pl\/wp-json\/wp\/v2\/media\/16440"}],"wp:attachment":[{"href":"https:\/\/mediarun.com\/pl\/wp-json\/wp\/v2\/media?parent=16439"}],"wp:term":[{"taxonomy":"category","embeddable":true,"href":"https:\/\/mediarun.com\/pl\/wp-json\/wp\/v2\/categories?post=16439"},{"taxonomy":"post_tag","embeddable":true,"href":"https:\/\/mediarun.com\/pl\/wp-json\/wp\/v2\/tags?post=16439"}],"curies":[{"name":"wp","href":"https:\/\/api.w.org\/{rel}","templated":true}]}}