{"id":164207,"date":"2015-12-28T14:34:20","date_gmt":"2015-12-28T13:34:20","guid":{"rendered":"https:\/\/mediarun.com\/pl\/?p=164207"},"modified":"2015-12-28T14:34:20","modified_gmt":"2015-12-28T13:34:20","slug":"164207","status":"publish","type":"post","link":"https:\/\/mediarun.com\/pl\/marketing\/164207.html","title":{"rendered":"Nowy dyrektor sprzeda\u017cy w Agorze"},"content":{"rendered":"<div id=\"c95e1146-6aff-4b7f-9190-b65b29615290\"><strong><span style=\"font-family: arial,helvetica,sans-serif;\">1 stycznia 2016 r. nast\u0105pi zmiana na stanowisku dyrektora sprzeda\u017cy regionalnej w strukturach biura reklamy marek prasowych Agory &#8211; stanowisko to obejmie Robert Sta\u015bkiewicz.\u00a0<\/span><\/strong><\/div>\n<div><\/div>\n<div id=\"c95e1146-6aff-4b7f-9190-b65b29615290\">B\u0119dzie on zarz\u0105dza\u0142 sprzeda\u017c\u0105 regionaln\u0105 marek prasowych Agory z Gda\u0144ska, pe\u0142ni\u0105c jednocze\u015bnie dotychczasowe obowi\u0105zki dyrektora sprzeda\u017cy regionu P\u00f3\u0142noc. <span style=\"font-family: arial,helvetica,sans-serif;\">W zarz\u0105dzaniu sprzeda\u017c\u0105 w regionie b\u0119dzie go wspiera\u0142a Marta R\u0119czmin, kt\u00f3ra awansuje na stanowisko zast\u0119pcy dyrektora sprzeda\u017cy regionu P\u00f3\u0142noc.<\/span><\/div>\n<div id=\"c95e1146-6aff-4b7f-9190-b65b29615290\"><\/div>\n<div id=\"c95e1146-6aff-4b7f-9190-b65b29615290\"><span style=\"font-family: arial,helvetica,sans-serif;\">Poprzednim dyrektorem sprzeda\u017cy regionalnej marek prasowych Agory by\u0142 Marcin Staszewski, kt\u00f3ry zako\u0144czy\u0142 wsp\u00f3\u0142prac\u0119 ze sp\u00f3\u0142k\u0105.<\/span><\/div>\n<div id=\"c95e1146-6aff-4b7f-9190-b65b29615290\"><span style=\"font-family: arial,helvetica,sans-serif;\">Dzia\u0142em sprzeda\u017cy marek prasowych Agory kieruje El\u017cbieta Nowacka.<\/span><\/div>\n<div><\/div>\n<div><\/div>\n","protected":false},"excerpt":{"rendered":"1 stycznia 2016 r. nast\u0105pi zmiana na stanowisku dyrektora sprzeda\u017cy regionalnej w strukturach biura reklamy marek prasowych Agory&hellip;","protected":false},"author":17,"featured_media":164208,"comment_status":"open","ping_status":"closed","sticky":false,"template":"","format":"standard","meta":{"csco_display_header_overlay":false,"csco_singular_sidebar":"","csco_page_header_type":"","csco_page_load_nextpost":"","csco_post_video_location":[],"csco_post_video_location_hash":"","csco_post_video_url":"","csco_post_video_bg_start_time":0,"csco_post_video_bg_end_time":0,"footnotes":""},"categories":[9639,9668],"tags":[214,9033,9034],"class_list":{"0":"post-164207","1":"post","2":"type-post","3":"status-publish","4":"format-standard","5":"has-post-thumbnail","7":"category-marketing","8":"category-media","9":"tag-agora","10":"tag-marta-reczmin","11":"tag-robert-staskiewicz","12":"cs-entry","13":"cs-video-wrap"},"_links":{"self":[{"href":"https:\/\/mediarun.com\/pl\/wp-json\/wp\/v2\/posts\/164207","targetHints":{"allow":["GET"]}}],"collection":[{"href":"https:\/\/mediarun.com\/pl\/wp-json\/wp\/v2\/posts"}],"about":[{"href":"https:\/\/mediarun.com\/pl\/wp-json\/wp\/v2\/types\/post"}],"author":[{"embeddable":true,"href":"https:\/\/mediarun.com\/pl\/wp-json\/wp\/v2\/users\/17"}],"replies":[{"embeddable":true,"href":"https:\/\/mediarun.com\/pl\/wp-json\/wp\/v2\/comments?post=164207"}],"version-history":[{"count":0,"href":"https:\/\/mediarun.com\/pl\/wp-json\/wp\/v2\/posts\/164207\/revisions"}],"wp:featuredmedia":[{"embeddable":true,"href":"https:\/\/mediarun.com\/pl\/wp-json\/wp\/v2\/media\/164208"}],"wp:attachment":[{"href":"https:\/\/mediarun.com\/pl\/wp-json\/wp\/v2\/media?parent=164207"}],"wp:term":[{"taxonomy":"category","embeddable":true,"href":"https:\/\/mediarun.com\/pl\/wp-json\/wp\/v2\/categories?post=164207"},{"taxonomy":"post_tag","embeddable":true,"href":"https:\/\/mediarun.com\/pl\/wp-json\/wp\/v2\/tags?post=164207"}],"curies":[{"name":"wp","href":"https:\/\/api.w.org\/{rel}","templated":true}]}}