{"id":1642,"date":"2013-05-06T14:01:43","date_gmt":"2013-05-06T12:01:43","guid":{"rendered":"https:\/\/mediarun.com\/index.php\/news-posts\/zostaly-juz-tylko-dwa-dni-aby-zglosic-sie-do-konkursu-dyrektora-marketingu-roku\/"},"modified":"2015-01-13T01:13:39","modified_gmt":"2015-01-13T01:13:39","slug":"zostaly-juz-tylko-dwa-dni-aby-zglosic-sie-do-konkursu-dyrektora-marketingu-roku","status":"publish","type":"post","link":"https:\/\/mediarun.com\/pl\/wydarzenia\/konkursy\/zostaly-juz-tylko-dwa-dni-aby-zglosic-sie-do-konkursu-dyrektora-marketingu-roku.html","title":{"rendered":"Zosta\u0142y ju\u017c tylko dwa dni, aby zg\u0142osi\u0107 si\u0119 do Konkursu Dyrektora Marketingu Roku!"},"content":{"rendered":"<p>Gala fina\u0142owa III edycji Konkursu Dyrektor Marketingu Roku 2012 odb\u0119dzie si\u0119 w trakcie Mediarun Festival, 14 czerwca w unikalnym wn\u0119trzach Polskie Filharmonii Ba\u0142tyckiej w Gda\u0144sku, wi\u0119cje:&nbsp;<a href=\"http:\/\/dyrektormarketinguroku.pl\/new\/gala-finalowa\/ \" target=\"_blank\" rel=\"noopener\"><strong>http:\/\/dyrektormarketinguroku.pl\/new\/gala-finalowa\/<\/strong>&nbsp;<\/a><\/p>\n<p>Zale\u017cy nam na nagrodzeniu utalentowanych szef&oacute;w marketingu i komunikacji, kt&oacute;rzy skutecznie realizuj\u0105 strategie marketingowe, uzyskuj\u0105c bardzo dobre wyniki dla podmiot&oacute;w w kt&oacute;rych pracuj\u0105 &#8211; b\u0119d\u0105c przy tym warto\u015bciowym cz\u0142owiekiem, szefem oraz osob\u0105, kt&oacute;rej nie s\u0105 obce istotne problemy spo\u0142eczne.<\/p>\n<p>W trzeciej edycji konkursu zostan\u0105 przyznane 2  nagrody Grand Prix dla Firmy i Grand Prix dla Instytucji oraz nagrody Osobowo\u015bci Marketingu Roku w 10 kategoriach. W sk\u0142ad kapitu\u0142y wchodz\u0105 eksperci i przedstawiciele dziewi\u0119ciu grup tj.: organizacji, instytucji, kadry naukowej, medi&oacute;w, ekspert&oacute;w, laureat&oacute;w poprzednich edycji, partner i sponsor&oacute;w oraz organizatora konkursu.<\/p>\n<p>Pracami kapitu\u0142y konkursu kieruje przedstawiciel Organizatora, audytor i opieka prawna Kancelarii Prawnej &#8211; Le\u015bnodorski, \u015alusarek i Wsp&oacute;lnicy, sprawuje Mec. Maciej \u015alusarek.<\/p>\n<p>Szczeg&oacute;\u0142y na:&nbsp;<strong><a href=\"http:\/\/dyrektormarketinguroku.pl\/\" target=\"_blank\" rel=\"noopener\">http:\/\/dyrektormarketinguroku.pl\/<\/a><\/strong><\/p>\n","protected":false},"excerpt":{"rendered":"W III edycji Konkursu Dyrektor Marketingu roku, jest mo\u017cliwo\u015b\u0107 zg\u0142aszania przedstawicieli instytucji, firm&nbsp;przez: agencje reklamowe, pr, interaktywne, domy mediowe, upowa\u017cnione osoby oraz kandydaci samodzielnie.","protected":false},"author":1,"featured_media":1643,"comment_status":"open","ping_status":"closed","sticky":false,"template":"","format":"standard","meta":{"csco_display_header_overlay":false,"csco_singular_sidebar":"","csco_page_header_type":"","csco_page_load_nextpost":"","csco_post_video_location":[],"csco_post_video_location_hash":"","csco_post_video_url":"","csco_post_video_bg_start_time":0,"csco_post_video_bg_end_time":0,"footnotes":""},"categories":[9651,4640],"tags":[385],"class_list":{"0":"post-1642","1":"post","2":"type-post","3":"status-publish","4":"format-standard","5":"has-post-thumbnail","7":"category-event","8":"category-konkursy","9":"tag-dyrektor-marketingu-roku","10":"cs-entry","11":"cs-video-wrap"},"_links":{"self":[{"href":"https:\/\/mediarun.com\/pl\/wp-json\/wp\/v2\/posts\/1642","targetHints":{"allow":["GET"]}}],"collection":[{"href":"https:\/\/mediarun.com\/pl\/wp-json\/wp\/v2\/posts"}],"about":[{"href":"https:\/\/mediarun.com\/pl\/wp-json\/wp\/v2\/types\/post"}],"author":[{"embeddable":true,"href":"https:\/\/mediarun.com\/pl\/wp-json\/wp\/v2\/users\/1"}],"replies":[{"embeddable":true,"href":"https:\/\/mediarun.com\/pl\/wp-json\/wp\/v2\/comments?post=1642"}],"version-history":[{"count":0,"href":"https:\/\/mediarun.com\/pl\/wp-json\/wp\/v2\/posts\/1642\/revisions"}],"wp:featuredmedia":[{"embeddable":true,"href":"https:\/\/mediarun.com\/pl\/wp-json\/wp\/v2\/media\/1643"}],"wp:attachment":[{"href":"https:\/\/mediarun.com\/pl\/wp-json\/wp\/v2\/media?parent=1642"}],"wp:term":[{"taxonomy":"category","embeddable":true,"href":"https:\/\/mediarun.com\/pl\/wp-json\/wp\/v2\/categories?post=1642"},{"taxonomy":"post_tag","embeddable":true,"href":"https:\/\/mediarun.com\/pl\/wp-json\/wp\/v2\/tags?post=1642"}],"curies":[{"name":"wp","href":"https:\/\/api.w.org\/{rel}","templated":true}]}}