{"id":164193,"date":"2015-12-28T10:16:25","date_gmt":"2015-12-28T09:16:25","guid":{"rendered":"https:\/\/mediarun.com\/pl\/?p=164193"},"modified":"2015-12-28T10:16:25","modified_gmt":"2015-12-28T09:16:25","slug":"164193","status":"publish","type":"post","link":"https:\/\/mediarun.com\/pl\/marketing\/164193.html","title":{"rendered":"Nowa content and product director w Burda International Polska"},"content":{"rendered":"<p><strong>Maria Peltz-Orli\u0144ska obj\u0119\u0142a nowo utworzone stanowisko content and product directora w sp\u00f3\u0142ce Burda International Polska.<\/p>\n<p><\/strong>Poprzednio zwi\u0105zana by\u0142a z Agor\u0105. Peltz-Orli\u0144ska odpowiada za rozw\u00f3j i zawarto\u015b\u0107 contentow\u0105 serwis\u00f3w internetowych Burdy. Podlega bezpo\u015brednio Annie Podkowi\u0144skiej, chief digital officerowi w Grupie Burda International na Polsk\u0119 i Czechy.<\/p>\n<p>Maria Peltz-Orli\u0144ska do ko\u0144ca pa\u017adziernika br. by\u0142a dyrektorem serwis\u00f3w lifestylowych w Agorze, a w przesz\u0142o\u015bci w tej sp\u00f3\u0142ce by\u0142a m.in. kierownikiem projekt\u00f3w internetowych i redaktorem internetu. Wcze\u015bniej pracowa\u0142a tak\u017ce jako dyrektor rozwoju Natemat.pl oraz jako dyrektor serwis\u00f3w lifestylowych i wn\u0119trzarskich w Muratorze (obecnie ZPR Media).<\/p>\n<p>Burda International Polska ma niemal 20 serwis\u00f3w internetowych &#8211; w pa\u017adzierniku br. zanotowa\u0142y one \u0142\u0105cznie 2,69 mln u\u017cytkownik\u00f3w i 25,92 mln ods\u0142on.<\/p>\n<p><a href=\"https:\/\/mediarun.com\/wp-content\/uploads\/2015\/12\/AAEAAQAAAAAAAALMAAAAJGFhMjE1YzczLTgxNGEtNDQ5My04ZDVmLTcyY2FmNjExOGE2MQ.png\"><img fetchpriority=\"high\" decoding=\"async\" class=\"alignnone size-full wp-image-164194\" src=\"https:\/\/mediarun.com\/wp-content\/uploads\/2015\/12\/AAEAAQAAAAAAAALMAAAAJGFhMjE1YzczLTgxNGEtNDQ5My04ZDVmLTcyY2FmNjExOGE2MQ.png\" alt=\"AAEAAQAAAAAAAALMAAAAJGFhMjE1YzczLTgxNGEtNDQ5My04ZDVmLTcyY2FmNjExOGE2MQ\" width=\"646\" height=\"220\" title=\"\"><\/a><\/p>\n","protected":false},"excerpt":{"rendered":"Maria Peltz-Orli\u0144ska obj\u0119\u0142a nowo utworzone stanowisko content and product directora w sp\u00f3\u0142ce Burda International Polska. Poprzednio zwi\u0105zana by\u0142a&hellip;","protected":false},"author":17,"featured_media":164195,"comment_status":"open","ping_status":"closed","sticky":false,"template":"","format":"standard","meta":{"csco_display_header_overlay":false,"csco_singular_sidebar":"","csco_page_header_type":"","csco_page_load_nextpost":"","csco_post_video_location":[],"csco_post_video_location_hash":"","csco_post_video_url":"","csco_post_video_bg_start_time":0,"csco_post_video_bg_end_time":0,"footnotes":""},"categories":[9639],"tags":[214,6445,9030],"class_list":{"0":"post-164193","1":"post","2":"type-post","3":"status-publish","4":"format-standard","5":"has-post-thumbnail","7":"category-marketing","8":"tag-agora","9":"tag-burda-international-polska","10":"tag-maria-peltz-orlinska","11":"cs-entry","12":"cs-video-wrap"},"_links":{"self":[{"href":"https:\/\/mediarun.com\/pl\/wp-json\/wp\/v2\/posts\/164193","targetHints":{"allow":["GET"]}}],"collection":[{"href":"https:\/\/mediarun.com\/pl\/wp-json\/wp\/v2\/posts"}],"about":[{"href":"https:\/\/mediarun.com\/pl\/wp-json\/wp\/v2\/types\/post"}],"author":[{"embeddable":true,"href":"https:\/\/mediarun.com\/pl\/wp-json\/wp\/v2\/users\/17"}],"replies":[{"embeddable":true,"href":"https:\/\/mediarun.com\/pl\/wp-json\/wp\/v2\/comments?post=164193"}],"version-history":[{"count":0,"href":"https:\/\/mediarun.com\/pl\/wp-json\/wp\/v2\/posts\/164193\/revisions"}],"wp:featuredmedia":[{"embeddable":true,"href":"https:\/\/mediarun.com\/pl\/wp-json\/wp\/v2\/media\/164195"}],"wp:attachment":[{"href":"https:\/\/mediarun.com\/pl\/wp-json\/wp\/v2\/media?parent=164193"}],"wp:term":[{"taxonomy":"category","embeddable":true,"href":"https:\/\/mediarun.com\/pl\/wp-json\/wp\/v2\/categories?post=164193"},{"taxonomy":"post_tag","embeddable":true,"href":"https:\/\/mediarun.com\/pl\/wp-json\/wp\/v2\/tags?post=164193"}],"curies":[{"name":"wp","href":"https:\/\/api.w.org\/{rel}","templated":true}]}}