{"id":16413,"date":"2011-05-12T14:08:23","date_gmt":"2011-05-12T12:08:23","guid":{"rendered":"https:\/\/mediarun.com\/index.php\/przekroj-wraca-do-krakowa-wydawca-oszczedza\/"},"modified":"2011-05-12T14:08:23","modified_gmt":"2011-05-12T12:08:23","slug":"przekroj-wraca-do-krakowa-wydawca-oszczedza","status":"publish","type":"post","link":"https:\/\/mediarun.com\/pl\/marketing\/przekroj-wraca-do-krakowa-wydawca-oszczedza.html","title":{"rendered":"Przekr\u00f3j wraca do Krakowa, wydawca oszcz\u0119dza"},"content":{"rendered":"<p>O przeprowadzce zdecydowa\u0142 zarz\u0105d wydawnictwa Przekr&oacute;j razem z w\u0142a\u015bcicielem pisma, Grzegorzem Hajdarowiczem. Do Krakowa przeniesie si\u0119 tak\u017ce drugi tytu\u0142 z portfolio wydawnictwa &#8211; miesi\u0119cznik Sukces.<\/p>\n<p>&#8211; W dzisiejszych czasach, przy rozwijaj\u0105cej si\u0119 technice i komunikacji elektronicznej, nie ma wi\u0119kszego znaczenia, gdzie pracuj\u0105 autorzy i redaktorzy &#8211; przekonuje w rozmowie z Mediarun.pl redaktor naczelny Przekroju i Sukcesu Artur Rumianek.<\/p>\n<p>&#8211; Dysponujemy od ubieg\u0142ego roku systemem edycyjnym, kt&oacute;ry pozwala redagowa\u0107 oba tytu\u0142y zdalnie. Redaktor &#8211; gdziekolwiek jest &#8211; mo\u017ce na ekranie swojego laptopa obserwowa\u0107 zmiany makiety i wprowadza\u0107 poprawki bezpo\u015brednio na kolumnach. Dlatego te\u017c nie planujemy wi\u0119kszych zmian w zespole redakcyjnym &#8211; dodaje Rumianek.<\/p>\n<p>Trwaj\u0105 prace nad przygotowaniem nowej siedziby wydawnictwa na krakowskim Zab\u0142ociu. Od jesieni ubieg\u0142ego roku funkcjonuje tam ju\u017c biuro oddzia\u0142u przygotowuj\u0105cego elektroniczne wydania Przekroju i Sukcesu. Pozosta\u0142a cz\u0119\u015b\u0107 wydawnictwa do\u0142\u0105czy do niego latem.<\/p>\n<p>O przeprowadzce, jak informuje wydawca, zdecydowa\u0142y nie tylko wzgl\u0119dy sentymentalne, ale tak\u017ce rachunek ekonomiczny. W Krakowie kontroluj\u0105ca wydawnictwo grupa Gremi posiada w\u0142asne nieruchomo\u015bci.<\/p>\n<p>Cz\u0119\u015b\u0107 powierzchni pozostanie jednak w Warszawie ze wzgl\u0119d&oacute;w logistycznych. Dzia\u0142y wspomagaj\u0105ce wydawnictwo od ponad roku, a wsp&oacute;lne dla wszystkich sp&oacute;\u0142ek grupy &#8211; kadry, ksi\u0119gowo\u015b\u0107 czy dzia\u0142 prawny &#8211; s\u0105 ulokowane w Krakowie.<\/p>\n<p>Przekr&oacute;j zosta\u0142 za\u0142o\u017cony w 1945 roku w Krakowie przez Mariana Eilego i by\u0142 wydawany w tym mie\u015bcie do ko\u0144ca XX wieku. W wyniku przekszta\u0142ce\u0144 w\u0142asno\u015bciowych trafi\u0142 do Warszawy. Pod koniec 2009 roku tygodnik kupi\u0142 Grzegorz Hajdarowicz, krakowski&nbsp;<span>przedsi\u0119biorca i producent filmowy.<\/span><\/p>\n","protected":false},"excerpt":{"rendered":"Studio graficzne i sekretariat tygodnika Przekr&oacute;j po blisko dziesi\u0119ciu latach pracy w Warszawie wracaj\u0105 do Krakowa.","protected":false},"author":1,"featured_media":16414,"comment_status":"open","ping_status":"closed","sticky":false,"template":"","format":"standard","meta":{"csco_display_header_overlay":false,"csco_singular_sidebar":"","csco_page_header_type":"","csco_page_load_nextpost":"","csco_post_video_location":[],"csco_post_video_location_hash":"","csco_post_video_url":"","csco_post_video_bg_start_time":0,"csco_post_video_bg_end_time":0,"footnotes":""},"categories":[],"tags":[912],"class_list":{"0":"post-16413","1":"post","2":"type-post","3":"status-publish","4":"format-standard","5":"has-post-thumbnail","7":"tag-przekroj","8":"cs-entry","9":"cs-video-wrap"},"_links":{"self":[{"href":"https:\/\/mediarun.com\/pl\/wp-json\/wp\/v2\/posts\/16413","targetHints":{"allow":["GET"]}}],"collection":[{"href":"https:\/\/mediarun.com\/pl\/wp-json\/wp\/v2\/posts"}],"about":[{"href":"https:\/\/mediarun.com\/pl\/wp-json\/wp\/v2\/types\/post"}],"author":[{"embeddable":true,"href":"https:\/\/mediarun.com\/pl\/wp-json\/wp\/v2\/users\/1"}],"replies":[{"embeddable":true,"href":"https:\/\/mediarun.com\/pl\/wp-json\/wp\/v2\/comments?post=16413"}],"version-history":[{"count":0,"href":"https:\/\/mediarun.com\/pl\/wp-json\/wp\/v2\/posts\/16413\/revisions"}],"wp:featuredmedia":[{"embeddable":true,"href":"https:\/\/mediarun.com\/pl\/wp-json\/wp\/v2\/media\/16414"}],"wp:attachment":[{"href":"https:\/\/mediarun.com\/pl\/wp-json\/wp\/v2\/media?parent=16413"}],"wp:term":[{"taxonomy":"category","embeddable":true,"href":"https:\/\/mediarun.com\/pl\/wp-json\/wp\/v2\/categories?post=16413"},{"taxonomy":"post_tag","embeddable":true,"href":"https:\/\/mediarun.com\/pl\/wp-json\/wp\/v2\/tags?post=16413"}],"curies":[{"name":"wp","href":"https:\/\/api.w.org\/{rel}","templated":true}]}}