{"id":16403,"date":"2011-05-12T15:22:56","date_gmt":"2011-05-12T13:22:56","guid":{"rendered":"https:\/\/mediarun.com\/index.php\/wystawa-world-press-photo-wkrotce-w-warszawie\/"},"modified":"2011-05-12T15:22:56","modified_gmt":"2011-05-12T13:22:56","slug":"wystawa-world-press-photo-wkrotce-w-warszawie","status":"publish","type":"post","link":"https:\/\/mediarun.com\/pl\/marketing\/wystawa-world-press-photo-wkrotce-w-warszawie.html","title":{"rendered":"Wystawa World Press Photo wkr\u00f3tce w Warszawie"},"content":{"rendered":"<p>W tegorocznej edycji konkursu wzi\u0119\u0142o udzia\u0142 5 691 fotograf&oacute;w, kt&oacute;rzy \u0142\u0105cznie nades\u0142ali 108 059 zdj\u0119\u0107.<\/p>\n<p>Dwutygodniowe obrady jury zaowocowa\u0142y przyznaniem nagr&oacute;d 55 fotografom w 10 kategoriach. W\u015br&oacute;d laureat&oacute;w znalaz\u0142o si\u0119 tak\u017ce 2 Polak&oacute;w: Filip \u0106wik z agencji Napo Images za fotoreporta\u017c o polskiej \u017ca\u0142obie narodowej po katastrofie smole\u0144skiej (III nagroda w Kategorii &#8222;Ludzie i wydarzenia&#8221;) oraz Tomasz Gudzowaty za fotoreporta\u017c o amatorskich wy\u015bcigach samochodowych w Meksyku (II miejsce w kategorii &#8222;Sport&#8221;).<\/p>\n<p>Wyr&oacute;\u017cnienie honorowe przyznano serii zdj\u0119\u0107 wykonanych przez g&oacute;rnik&oacute;w podczas ich 69-dniowego uwiezienia w kopalni w San Jos&eacute; w Chile, na g\u0142\u0119boko\u015bci 700 metr&oacute;w.<\/p>\n<p>Za zdj\u0119cie roku uznano natomiast fotografi\u0119 18-letniej Bibi Aishy, Afganki, ukaranej przez m\u0119\u017ca obci\u0119ciem nosa i uszu. Wykona\u0142a j\u0105 Jodi Biber z RPA dla Time&#8217;a.<\/p>\n<p>Dziennikarze nazywali to zdj\u0119cie okaleczon\u0105 Mon\u0105 Lis\u0105 z uwagi na spok&oacute;j i pi\u0119kno tej fotografii. Poprzez t\u0119 dramatyczn\u0105, pojedyncz\u0105 histori\u0119 jurorzy wskazuj\u0105 na problem, jakim jest traktowanie kobiet nie tylko w Afganistanie. Oszpecona Aisha ma szans\u0119 na powr&oacute;t do normalnego \u017cycia, poniewa\u017c ameryka\u0144scy lekarze zrekonstruowali jej nos, wkr&oacute;tce czeka ja tak\u017ce odbudowa uszu.<\/p>\n<p>Ekspozycj\u0119 sk\u0142adaj\u0105c\u0105  si\u0119 z 64 paneli obejmuj\u0105cych 177 fotografii, b\u0119dzie mo\u017cna ogl\u0105da\u0107 codziennie w godzinach otwarcia CH Z\u0142ote Tarasy. Wst\u0119p wolny.<\/p>\n","protected":false},"excerpt":{"rendered":"Od 23 maja do 12 czerwca br. ju\u017c po raz trzeci w CH Z\u0142ote Tarasy b\u0119dzie mo\u017cna ogl\u0105da\u0107 najlepsze zdj\u0119cia prasowe nagrodzone w konkursie World Press Photo 2011.","protected":false},"author":1,"featured_media":16404,"comment_status":"open","ping_status":"closed","sticky":false,"template":"","format":"standard","meta":{"csco_display_header_overlay":false,"csco_singular_sidebar":"","csco_page_header_type":"","csco_page_load_nextpost":"","csco_post_video_location":[],"csco_post_video_location_hash":"","csco_post_video_url":"","csco_post_video_bg_start_time":0,"csco_post_video_bg_end_time":0,"footnotes":""},"categories":[],"tags":[1930],"class_list":{"0":"post-16403","1":"post","2":"type-post","3":"status-publish","4":"format-standard","5":"has-post-thumbnail","7":"tag-world-press-photo","8":"cs-entry","9":"cs-video-wrap"},"_links":{"self":[{"href":"https:\/\/mediarun.com\/pl\/wp-json\/wp\/v2\/posts\/16403","targetHints":{"allow":["GET"]}}],"collection":[{"href":"https:\/\/mediarun.com\/pl\/wp-json\/wp\/v2\/posts"}],"about":[{"href":"https:\/\/mediarun.com\/pl\/wp-json\/wp\/v2\/types\/post"}],"author":[{"embeddable":true,"href":"https:\/\/mediarun.com\/pl\/wp-json\/wp\/v2\/users\/1"}],"replies":[{"embeddable":true,"href":"https:\/\/mediarun.com\/pl\/wp-json\/wp\/v2\/comments?post=16403"}],"version-history":[{"count":0,"href":"https:\/\/mediarun.com\/pl\/wp-json\/wp\/v2\/posts\/16403\/revisions"}],"wp:featuredmedia":[{"embeddable":true,"href":"https:\/\/mediarun.com\/pl\/wp-json\/wp\/v2\/media\/16404"}],"wp:attachment":[{"href":"https:\/\/mediarun.com\/pl\/wp-json\/wp\/v2\/media?parent=16403"}],"wp:term":[{"taxonomy":"category","embeddable":true,"href":"https:\/\/mediarun.com\/pl\/wp-json\/wp\/v2\/categories?post=16403"},{"taxonomy":"post_tag","embeddable":true,"href":"https:\/\/mediarun.com\/pl\/wp-json\/wp\/v2\/tags?post=16403"}],"curies":[{"name":"wp","href":"https:\/\/api.w.org\/{rel}","templated":true}]}}