{"id":163964,"date":"2015-12-29T16:00:08","date_gmt":"2015-12-29T15:00:08","guid":{"rendered":"https:\/\/mediarun.com\/pl\/?p=163964"},"modified":"2017-09-29T22:06:27","modified_gmt":"2017-09-29T20:06:27","slug":"stylowy-poradnik-kazar","status":"publish","type":"post","link":"https:\/\/mediarun.com\/pl\/trendy\/stylowy-poradnik-kazar.html","title":{"rendered":"Stylowy poradnik od firmy Kazar"},"content":{"rendered":"<h4><strong>Po m\u0119sku o stylu w trzy minuty<\/strong><\/h4>\n<p>Wiadomo, \u017ce \u201ede gustibus non est disputandum\u201c (z \u0142ac. o gustach si\u0119 nie dyskutuje \u2013 przyp. red.) ale bezdyskusyjnie warto pracowa\u0107 nad autoprezentacj\u0105. Dlaczego? Wiele bada\u0144 wykaza\u0142o, \u017ce wra\u017cenie jakie wywo\u0142ujemy podczas pierwszego spotkania, to efekt 3 pierwszych minut, z czego, trzy pierwsze sekundy rejestrujemy nie\u015bwiadomie. Psychologowie podkre\u015blaj\u0105, \u017ce najwa\u017cniejsze znaczenie maj\u0105 sygna\u0142y pozawerbalne. <strong>A\u017c 55% informacji odbieramy z tego, co widzimy! <\/strong>Na spos\u00f3b m\u00f3wienia przypada 38%, a na sam\u0105 tre\u015b\u0107 tylko 7%.<\/p>\n<h4><strong>Jak ci\u0119 widz\u0105, tak\u2026<\/strong><\/h4>\n<p>W modzie m\u0119\u017cczy\u017ani maj\u0105 mniejsze pole do popisu od kobiet, dlatego jeszcze bardziej powinni zwraca\u0107 uwag\u0119 na jako\u015b\u0107 tego co nosz\u0105 i jak ze sob\u0105 zestawiaj\u0105 szczeg\u00f3lne elementy ubioru. Dress code biznesowy ogranicza si\u0119 do dobrze skrojonego (najlepiej na miar\u0119) garnituru, teczki, but\u00f3w, paska, zegarka i portfela. Wielcy kreatorzy lansuj\u0105 coraz to nowsze trendy, wymy\u015blne wzory, kolory. Warto pozna\u0107 znaczenie kolor\u00f3w, poniewa\u017c bardzo cz\u0119sto mog\u0105 one by\u0107 filtrem w postrzeganiu drugiej osoby.<\/p>\n<p><a href=\"https:\/\/mediarun.com\/wp-content\/uploads\/2015\/12\/kolor-w-ubiorze.jpg\"><img fetchpriority=\"high\" decoding=\"async\" class=\"alignnone size-full wp-image-163965\" src=\"https:\/\/mediarun.com\/wp-content\/uploads\/2015\/12\/kolor-w-ubiorze.jpg\" alt=\"kolor w ubiorze\" width=\"516\" height=\"387\" title=\"\"><\/a><\/p>\n<p>Warto zainwestowa\u0107 w ponadczasow\u0105 czer\u0144 i szaro\u015b\u0107, granat, biel i b\u0142\u0119kit (zw\u0142aszcza podczas wizyt w studio telewizyjnym). Na li\u015bcie kolor\u00f3w zakazanych jest czerwie\u0144, kt\u00f3ra kojarzy si\u0119 z\u00a0agresj\u0105, dominacj\u0105, lub ch\u0119ci\u0105 zwr\u00f3cenia na siebie uwagi. Kolory pastelowe, m.in. pomara\u0144cze, i \u017c\u00f3\u0142cie sprawdzaj\u0105 si\u0119 jako pojedynczy akcent, np. Koszula.<\/p>\n<p>Elementem rozpoznawczym eleganckiego m\u0119\u017cczyzny przesz\u0142o\u015bci by\u0142a dyplomatka. Dzi\u015b mo\u017cliwo\u015bci jest znacznie wi\u0119cej. Istotne s\u0105 buty, pasek portfel.. i oczywi\u015bcie torba.<\/p>\n<h4><strong>Torba czy akt\u00f3wka?<\/strong><\/h4>\n<p>M\u0119\u017cczy\u017ani s\u0142usznie uwa\u017caj\u0105, \u017ce w damskich torebkach mo\u017cna znale\u017a\u0107 niemal wszystko, stare rachunki, klucze, kosmetyki, akcesoria dzieci\u0119ce, a nawet narz\u0119dzia. Brytyjscy naukowcy przeprowadzili badanie z kt\u00f3rego wynika, \u017ce m\u0119skiej torbie panuje wi\u0119kszy \u0142ad. W wi\u0119kszo\u015bci przypadk\u00f3w zestaw jest ten sam: portfel, smartfon, s\u0142uchawki i laptop. Zawarto\u015b\u0107 torby to jedno, w\u0142a\u015bciwy jej wyb\u00f3r to zupe\u0142nie inna historia.<\/p>\n<p>Torba to niezb\u0119dnik w m\u0119skiej garderobie. Musi by\u0107 przede wszystkim funkcjonalna. Mo\u017ce by\u0107 te\u017c modnym dodatkiem do ubioru. Projektanci ju\u017c dawno pogrzebali nesesery, czy akt\u00f3wki z dermy. M\u0119skie torby maj\u0105 po\u0142yskuj\u0105ce zamki, zaskakuj\u0105 kszta\u0142tami kieszeni oraz odwa\u017cnymi formami.<\/p>\n<p>Torba jest odzwierciedleniem estetyki w\u0142a\u015bciciela. Jest d\u0142ugoterminow\u0105 inwestycj\u0105, dlatego przed kupnem warto zastanowi\u0107 si\u0119 w jakim celu b\u0119dzie u\u017cywana:<\/p>\n<ul>\n<li>podr\u00f3\u017c, praca, czy mo\u017ce ma by\u0107 codziennym uniwersalnym dodatkiem<\/li>\n<li>zastan\u00f3w si\u0119, kt\u00f3ry z kolor\u00f3w jest dominuj\u0105cym, czy chcesz \u017ceby by\u0142a monochromatycznym uzupe\u0142nieniem ulubionego prochowca, p\u0142aszcza, lub parki, czy elementem wyr\u00f3\u017cniaj\u0105cym.<\/li>\n<\/ul>\n<h4><strong>Kolor, materia\u0142, rozmiar ma znaczenie<\/strong><\/h4>\n<p>Szary, br\u0105zowy, bordowy, granatowy \u2013 wyb\u00f3r kolorystyczny jest ogromny. Pami\u0119taj, \u017ce bardziej od koloru wa\u017cniejsza jest jako\u015b\u0107 materia\u0142u z jakiego zosta\u0142a wykonana. Torba sk\u00f3rzana b\u0119dzie ci\u0119\u017csza od tej wykonanej z tkaniny, sztruksu, czy nylonu. Mo\u017ce w tym przypadku watro wybra\u0107 zamsz? Jej wielko\u015b\u0107 powinna by\u0107 proporcjonalna do ilo\u015bci codziennych zada\u0144 i rzeczy, kt\u00f3re si\u0119 w niej pojawi\u0105 (laptop, czasopisma lub dokumenty.<\/p>\n<p>Najbardziej popularne s\u0105 tzw. <strong>listonoszki<\/strong> \u2013 wygodna, mi\u0119kka, na d\u0142ugim pasku, kt\u00f3ry mo\u017cna prze\u0142o\u017cy\u0107 przez rami\u0119.\u00a0Jest funkcjonalna i praktyczna. Idealna na co dzie\u0144 do pracy, na si\u0142owni\u0119 i w podr\u00f3\u017c.<\/p>\n<p><a href=\"https:\/\/mediarun.com\/wp-content\/uploads\/2015\/12\/kazar1.jpg\"><img decoding=\"async\" class=\"alignnone wp-image-164169\" src=\"https:\/\/mediarun.com\/wp-content\/uploads\/2015\/12\/kazar1.jpg\" alt=\"kazar1\" width=\"414\" height=\"621\" title=\"\" srcset=\"https:\/\/mediarun.com\/pl\/wp-content\/uploads\/2015\/12\/kazar1.jpg 600w, https:\/\/mediarun.com\/pl\/wp-content\/uploads\/2015\/12\/kazar1-467x700.jpg 467w\" sizes=\"(max-width: 414px) 100vw, 414px\" \/><\/a><\/p>\n<p><strong>Akt\u00f3wka<\/strong> \u2013 \u00a0wymaga po\u0142\u0105czenia z eleganckim garniturem.\u00a0Jest jak wizyt\u00f3wka w stylu biznesowym, powinna by\u0107 prosta, elegancka i zawsze w idealnym stanie.\u00a0Styli\u015bci polecaj\u0105 te wykonane ze sk\u00f3ry licowej, poniewa\u017c s\u0105 lepszej jako\u015bci i bardziej trwa\u0142e (odporne na wilgo\u0107 i zabrudzenia).<a href=\"https:\/\/mediarun.com\/wp-content\/uploads\/2015\/12\/25516-22827-TE-00.png\"><img decoding=\"async\" class=\" wp-image-163997 alignleft\" src=\"https:\/\/mediarun.com\/wp-content\/uploads\/2015\/12\/25516-22827-TE-00.png\" alt=\"25516-22827-TE-00\" width=\"347\" height=\"400\" title=\"\" srcset=\"https:\/\/mediarun.com\/pl\/wp-content\/uploads\/2015\/12\/25516-22827-TE-00.png 2560w, https:\/\/mediarun.com\/pl\/wp-content\/uploads\/2015\/12\/25516-22827-TE-00-608x700.png 608w\" sizes=\"(max-width: 347px) 100vw, 347px\" \/><\/a><\/p>\n<p><strong>Torba do podr\u00f3\u017cy<\/strong> \u2013 Popularne w PRL-u saszetki, zosta\u0142y zast\u0105pione podr\u0119cznymi teczkami. Torba podr\u00f3\u017cna jest wi\u0119ksza ni\u017c listonosza i przez to bywa niepor\u0119czna. Kupuj\u0105c tego typu dodatki warto wybiera\u0107 te w ponadczasowych kolorach i ciekawych fakturach.<\/p>\n<p><strong>Nie zaciskaj pasa<br \/>\n<\/strong>&#8211; Prosz\u0119 zdj\u0105\u0107 pasek \u2013 m\u00f3wi celnik do pasa\u017cera przed przej\u015bciem przez elektroniczne bramki na lotnisku<br \/>\n&#8211; Ale jak zdejm\u0119 pasek, to spadn\u0105 mi spodnie\u2026<\/p>\n<p>Pasek pe\u0142ni rol\u0119 dodatku uzupe\u0142niaj\u0105cego str\u00f3j. Je\u015bli nosisz go z przymusu, jak w historii powy\u017cej, znaczy \u017ce musisz kupi\u0107 nowe spodnie. Dob\u00f3r paska jest bardzo prosty. Kolor powinien by\u0107 jak najbardziej zbli\u017cony do spodni i but\u00f3w.\u00a0Obecnie projektanci ofeuj\u0105 szerok\u0105 gam\u0119 pask\u00f3w z\u00a0ciekawymi kolorowymi akcentami, przeszyciami, wyt\u0142oczeniami. Takie modele idealnie sprawdz\u0105 si\u0119 w codziennym stylu , b\u0119d\u0105 dowodem na to, \u017ce dbasz o detale i nad\u0105\u017casz za najnowszymi trendami w modzie.\u00a0Ten, kt\u00f3ry jest przeznaczony do garnituru nie powinien by\u0107 grubszy ni\u017c 3 cm. M\u0119\u017cczy\u017ani powinni go zapina\u0107 na t\u0119 sam\u0105 stron\u0119 do spodnie. Kupuj\u0105c pasek dodaj 10, maksymalnie 15 cm do obwodu. Idealny to taki, kt\u00f3ry mo\u017cesz zapi\u0105\u0107 na \u015brodkow\u0105 dziurk\u0119 i prze\u0142o\u017cy\u0107 przez szlufk\u0119. Warto mie\u0107 w szafie r\u00f3wnie\u017c paski zamszowe, materia\u0142owe, lniane lub plecione. Te ostatnie przydadz\u0105 si\u0119 podczas mniej oficjalnych okazji. Uwaga! Pask\u00f3w nie nosi si\u0119 do smoking\u00f3w, frak\u00f3w oraz spodni skrojonych specjalnie do noszenia szelek.<\/p>\n<p><a href=\"https:\/\/mediarun.com\/wp-content\/uploads\/2015\/12\/16469-22801-01-00-1.png\"><img loading=\"lazy\" decoding=\"async\" class=\"alignnone wp-image-164112\" src=\"https:\/\/mediarun.com\/wp-content\/uploads\/2015\/12\/16469-22801-01-00-1.png\" alt=\"16469-22801-01-00 1\" width=\"354\" height=\"185\" title=\"\" srcset=\"https:\/\/mediarun.com\/pl\/wp-content\/uploads\/2015\/12\/16469-22801-01-00-1.png 2493w, https:\/\/mediarun.com\/pl\/wp-content\/uploads\/2015\/12\/16469-22801-01-00-1-1200x628.png 1200w\" sizes=\"(max-width: 354px) 100vw, 354px\" \/><\/a><a href=\"https:\/\/mediarun.com\/wp-content\/uploads\/2015\/12\/16469-22462-08-02.png\"><img loading=\"lazy\" decoding=\"async\" class=\"alignnone wp-image-163999\" src=\"https:\/\/mediarun.com\/wp-content\/uploads\/2015\/12\/16469-22462-08-02.png\" alt=\"16469-22462-08-02\" width=\"354\" height=\"205\" title=\"\" srcset=\"https:\/\/mediarun.com\/pl\/wp-content\/uploads\/2015\/12\/16469-22462-08-02.png 2469w, https:\/\/mediarun.com\/pl\/wp-content\/uploads\/2015\/12\/16469-22462-08-02-1200x696.png 1200w\" sizes=\"(max-width: 354px) 100vw, 354px\" \/><\/a><\/p>\n<h4><strong>Portfel prawd\u0119 ci powie\u2026<\/strong><\/h4>\n<p>Zanim zdecydujesz si\u0119 na nowy pasek, zerknij na portfel. Je\u015bli wygl\u0105da jakby by\u0142 przekazywany z pokolenia na pokolenie to znak, \u017ce czas go wymieni\u0107. Pono\u0107 pieni\u0105dze szcz\u0119\u015bcia nie daj\u0105, ale na pewno wiele u\u0142atwiaj\u0105. Poza tym trzeba je gdzie\u015b przechowywa\u0107. Portfel musi by\u0107 uniwersalny, kt\u00f3ry b\u0119dzie pasowa\u0142 do obuwia sportowego i eleganckich sztyblet\u00f3w. Jak go wybra\u0107? Najwi\u0119ksze znaczenie maj\u0105:\u00a0materia\u0142, jako\u015b\u0107 wykonania, wielko\u015b\u0107, liczb\u0119 przegr\u00f3dek i kieszeni, tak by portfel by\u0142 dostosowany do jego zawarto\u015bci. Doradzamy uniwersalne klasyki w klasycznych kolorach: czarnym, br\u0105zowym lub granatowym. Oryginalna faktura i detale w postacie kontrastuj\u0105cych wyko\u0144cze\u0144 podkre\u015bl\u0105 modny charakter dodatku.<\/p>\n<p><a href=\"https:\/\/mediarun.com\/wp-content\/uploads\/2015\/12\/25676-23423-01-02.png\"><img loading=\"lazy\" decoding=\"async\" class=\"alignnone wp-image-164008\" src=\"https:\/\/mediarun.com\/wp-content\/uploads\/2015\/12\/25676-23423-01-02.png\" alt=\"25676-23423-01-02\" width=\"216\" height=\"300\" title=\"\" srcset=\"https:\/\/mediarun.com\/pl\/wp-content\/uploads\/2015\/12\/25676-23423-01-02.png 1141w, https:\/\/mediarun.com\/pl\/wp-content\/uploads\/2015\/12\/25676-23423-01-02-503x700.png 503w\" sizes=\"(max-width: 216px) 100vw, 216px\" \/><\/a><a href=\"https:\/\/mediarun.com\/wp-content\/uploads\/2015\/12\/25676-23423-01-00.png\"><img loading=\"lazy\" decoding=\"async\" class=\"alignnone wp-image-164007\" src=\"https:\/\/mediarun.com\/wp-content\/uploads\/2015\/12\/25676-23423-01-00.png\" alt=\"25676-23423-01-00\" width=\"218\" height=\"290\" title=\"\" srcset=\"https:\/\/mediarun.com\/pl\/wp-content\/uploads\/2015\/12\/25676-23423-01-00.png 1161w, https:\/\/mediarun.com\/pl\/wp-content\/uploads\/2015\/12\/25676-23423-01-00-525x700.png 525w\" sizes=\"(max-width: 218px) 100vw, 218px\" \/><\/a><\/p>\n<p>&nbsp;<\/p>\n<p>Krok po kroku\u2026 Mo\u017cna i warto wypracowa\u0107 w\u0142asny, dobry styl. W\u0142a\u015bciwie ubrany biznesman, to niemal po\u0142owa jego zawodowych sukces\u00f3w. Nad reszt\u0105 \u2013 w\u0142asnym cia\u0142em i emocjami mo\u017cna zapanowa\u0107 znacznie \u0142atwiej, nawet w trudnych warunkach. Opr\u00f3cz kobiety u boku nic nie daje m\u0119\u017cczy\u017anie takiej pewno\u015bci siebie \u2013 jak \u015bwiadomo\u015b\u0107, \u017ce wygl\u0105da jak milion dolar\u00f3w&#8230; p\u0142ac\u0105c za wszystko w granicach rozs\u0105dku.<\/p>\n<p><a href=\"https:\/\/mediarun.com\/wp-content\/uploads\/2015\/12\/mix_pasek_4.png\"><img loading=\"lazy\" decoding=\"async\" class=\"alignnone wp-image-164015\" src=\"https:\/\/mediarun.com\/wp-content\/uploads\/2015\/12\/mix_pasek_4.png\" alt=\"mix_pasek_4\" width=\"786\" height=\"563\" title=\"\"><\/a><\/p>\n<p>&nbsp;<\/p>\n","protected":false},"excerpt":{"rendered":"Po m\u0119sku o stylu w trzy minuty Wiadomo, \u017ce \u201ede gustibus non est disputandum\u201c (z \u0142ac. o gustach&hellip;","protected":false},"author":17,"featured_media":164156,"comment_status":"open","ping_status":"closed","sticky":false,"template":"","format":"standard","meta":{"csco_display_header_overlay":false,"csco_singular_sidebar":"","csco_page_header_type":"","csco_page_load_nextpost":"","csco_post_video_location":[],"csco_post_video_location_hash":"","csco_post_video_url":"","csco_post_video_bg_start_time":0,"csco_post_video_bg_end_time":0,"footnotes":""},"categories":[4631,4657,11711],"tags":[8980,8982,8983,8981],"class_list":{"0":"post-163964","1":"post","2":"type-post","3":"status-publish","4":"format-standard","5":"has-post-thumbnail","7":"category-trendy","8":"category-poradnik","9":"category-promocja","10":"tag-kazar","11":"tag-man-fashion","12":"tag-men-fashion","13":"tag-stylowy-poradnik","14":"cs-entry","15":"cs-video-wrap"},"_links":{"self":[{"href":"https:\/\/mediarun.com\/pl\/wp-json\/wp\/v2\/posts\/163964","targetHints":{"allow":["GET"]}}],"collection":[{"href":"https:\/\/mediarun.com\/pl\/wp-json\/wp\/v2\/posts"}],"about":[{"href":"https:\/\/mediarun.com\/pl\/wp-json\/wp\/v2\/types\/post"}],"author":[{"embeddable":true,"href":"https:\/\/mediarun.com\/pl\/wp-json\/wp\/v2\/users\/17"}],"replies":[{"embeddable":true,"href":"https:\/\/mediarun.com\/pl\/wp-json\/wp\/v2\/comments?post=163964"}],"version-history":[{"count":0,"href":"https:\/\/mediarun.com\/pl\/wp-json\/wp\/v2\/posts\/163964\/revisions"}],"wp:featuredmedia":[{"embeddable":true,"href":"https:\/\/mediarun.com\/pl\/wp-json\/wp\/v2\/media\/164156"}],"wp:attachment":[{"href":"https:\/\/mediarun.com\/pl\/wp-json\/wp\/v2\/media?parent=163964"}],"wp:term":[{"taxonomy":"category","embeddable":true,"href":"https:\/\/mediarun.com\/pl\/wp-json\/wp\/v2\/categories?post=163964"},{"taxonomy":"post_tag","embeddable":true,"href":"https:\/\/mediarun.com\/pl\/wp-json\/wp\/v2\/tags?post=163964"}],"curies":[{"name":"wp","href":"https:\/\/api.w.org\/{rel}","templated":true}]}}