{"id":163944,"date":"2015-12-18T12:31:46","date_gmt":"2015-12-18T11:31:46","guid":{"rendered":"https:\/\/mediarun.com\/pl\/?p=163944"},"modified":"2015-12-18T12:41:27","modified_gmt":"2015-12-18T11:41:27","slug":"nowy-head-of-middle-office-w-havas-media-group","status":"publish","type":"post","link":"https:\/\/mediarun.com\/pl\/marketing\/nowy-head-of-middle-office-w-havas-media-group.html","title":{"rendered":"Nowy Head of Middle Office w Havas Media Group"},"content":{"rendered":"<h4><strong>Maciej Kita do\u0142\u0105cza do zarz\u0105du Havas Media obejmuj\u0105c stanowisko Head of Middle Office w Havas Media Group<\/strong><\/h4>\n<p><strong>Z pocz\u0105tkiem lutego 2016 r. stanowisko Head of Middle Office w Havas Media Group obejmie Maciej Kita, kt\u00f3ry tym samym zast\u0105pi odchodz\u0105cego Paw\u0142a Pluci\u0144skiego.<\/strong><\/p>\n<p>W Havas Media Group Maciej Kita b\u0119dzie odpowiedzialny za operacje planowania i zakupu medi\u00f3w dla wszystkich sp\u00f3\u0142ek grupy. Swoje do\u015bwiadczenie zdobywa\u0142 mi\u0119dzy innymi w OMD sp. z o.o., gdzie od 2008 r. pracowa\u0142 na stanowisku Managing Director Media Buying. Maciej Kita uko\u0144czy\u0142 Szko\u0142\u0119 G\u0142\u00f3wn\u0105 Handlow\u0105 na kierunku Zarz\u0105dzanie i Marketing, a tak\u017ce podyplomowo na WSPiZ im. L. Ko\u017ami\u0144skiego, angloj\u0119zyczne studia Postgraduate Diploma in Marketing pod patronatem brytyjskiego The Chartered Institute of Marketing.<\/p>\n<blockquote><p>\u2013 <em>Maciej ma ponad 10 letnie do\u015bwiadczenie w zarz\u0105dzaniu dzia\u0142em buyingu i tradingu oraz negocjacjach mediowych. By\u0142 odpowiedzialny za przychody wszystkich agencji z grupy OMD, w\u0142\u0105czaj\u0105c agencj\u0119 digitalow\u0105 i jej wyspecjalizowane podmioty. Skuteczno\u015b\u0107 Macieja potwierdzaj\u0105 sukcesy biznesowe. O naszym wyborze zawa\u017cy\u0142a r\u00f3wnie\u017c dobra opinia na rynku i poziom zaufania jakim si\u0119 cieszy w\u015br\u00f3d marketer\u00f3w i przedstawicieli medi\u00f3w. Jego zainteresowanie nowymi technologiami oraz umiej\u0119tno\u015b\u0107 zrozumienia potrzeb r\u00f3\u017cnych interesant\u00f3w \u2013 klient\u00f3w, zarz\u0105du, w\u0142a\u015bcicieli i zespo\u0142u \u2013 sk\u0142adaj\u0105 si\u0119 na sylwetk\u0119 dojrza\u0142ego top managera, kt\u00f3ry znacz\u0105co wzmocni nasz zesp\u00f3\u0142<\/em> \u2013 powiedzia\u0142a Ma\u0142gorzata W\u0119gierek, CEO Havas Media Group.<\/p><\/blockquote>\n<p>Middle Office, w strukturze Havas Media Group, to 70-osobowy zesp\u00f3\u0142, w kt\u00f3rego sk\u0142ad wchodz\u0105 wszystkie marki specjalistyczne: Affiperf, Mobext, Socialyse i Ecselis. Zakres odpowiedzialno\u015bci na tym stanowisku obejmuje m.in.: trading, ofert\u0119 handlow\u0105 agencji czy rozw\u00f3j specjalizacji digitalowych.<\/p>\n<p><strong>Havas Media Group <\/strong>\u2013 wiod\u0105ca na \u015bwiecie grupa specjalist\u00f3w w dziedzinie marketingu i komunikacji. W jej sk\u0142ad wchodz\u0105 niezale\u017cne agencje mediowe Havas Media i Arena Media, wspierane przez Havas Sports &amp; Entertainment \u2013 najwi\u0119ksz\u0105 na \u015bwiecie sie\u0107 agencji buduj\u0105cych zaanga\u017cowanie marek w marketing sportowy i rozrywkowy.<\/p>\n","protected":false},"excerpt":{"rendered":"Maciej Kita do\u0142\u0105cza do zarz\u0105du Havas Media obejmuj\u0105c stanowisko Head of Middle Office w Havas Media Group Z&hellip;","protected":false},"author":17,"featured_media":163945,"comment_status":"open","ping_status":"closed","sticky":false,"template":"","format":"standard","meta":{"csco_display_header_overlay":false,"csco_singular_sidebar":"","csco_page_header_type":"","csco_page_load_nextpost":"","csco_post_video_location":[],"csco_post_video_location_hash":"","csco_post_video_url":"","csco_post_video_bg_start_time":0,"csco_post_video_bg_end_time":0,"footnotes":""},"categories":[9639],"tags":[8966,8973,8969,74,8528,8970,8971,8972,8974,8967,8968],"class_list":{"0":"post-163944","1":"post","2":"type-post","3":"status-publish","4":"format-standard","5":"has-post-thumbnail","7":"category-marketing","8":"tag-affiperf","9":"tag-ceo-havas-media-group","10":"tag-ecselis","11":"tag-havas","12":"tag-havas-media-group","13":"tag-head-of-middle-office","14":"tag-maciej-kita","15":"tag-malgorzata-wegierek","16":"tag-managing-director-media-buying","17":"tag-mobext","18":"tag-socialyse","19":"cs-entry","20":"cs-video-wrap"},"_links":{"self":[{"href":"https:\/\/mediarun.com\/pl\/wp-json\/wp\/v2\/posts\/163944","targetHints":{"allow":["GET"]}}],"collection":[{"href":"https:\/\/mediarun.com\/pl\/wp-json\/wp\/v2\/posts"}],"about":[{"href":"https:\/\/mediarun.com\/pl\/wp-json\/wp\/v2\/types\/post"}],"author":[{"embeddable":true,"href":"https:\/\/mediarun.com\/pl\/wp-json\/wp\/v2\/users\/17"}],"replies":[{"embeddable":true,"href":"https:\/\/mediarun.com\/pl\/wp-json\/wp\/v2\/comments?post=163944"}],"version-history":[{"count":0,"href":"https:\/\/mediarun.com\/pl\/wp-json\/wp\/v2\/posts\/163944\/revisions"}],"wp:featuredmedia":[{"embeddable":true,"href":"https:\/\/mediarun.com\/pl\/wp-json\/wp\/v2\/media\/163945"}],"wp:attachment":[{"href":"https:\/\/mediarun.com\/pl\/wp-json\/wp\/v2\/media?parent=163944"}],"wp:term":[{"taxonomy":"category","embeddable":true,"href":"https:\/\/mediarun.com\/pl\/wp-json\/wp\/v2\/categories?post=163944"},{"taxonomy":"post_tag","embeddable":true,"href":"https:\/\/mediarun.com\/pl\/wp-json\/wp\/v2\/tags?post=163944"}],"curies":[{"name":"wp","href":"https:\/\/api.w.org\/{rel}","templated":true}]}}