{"id":16391,"date":"2011-05-12T16:19:16","date_gmt":"2011-05-12T14:19:16","guid":{"rendered":"https:\/\/mediarun.com\/index.php\/lubelska-nowym-dyrektorem-marketingu-grupy-zywiec\/"},"modified":"2011-05-12T16:19:16","modified_gmt":"2011-05-12T14:19:16","slug":"lubelska-nowym-dyrektorem-marketingu-grupy-zywiec","status":"publish","type":"post","link":"https:\/\/mediarun.com\/pl\/marketing\/lubelska-nowym-dyrektorem-marketingu-grupy-zywiec.html","title":{"rendered":"Lubelska nowym dyrektorem marketingu Grupy \u017bywiec"},"content":{"rendered":"<p>Do jej obowi\u0105zk&oacute;w b\u0119dzie nale\u017ca\u0142o dalsze wzmacnianie portfela marek oraz jego rozw&oacute;j.<\/p>\n<p>Stanowisko dyrektora marketingu obejmie 1 sierpnia br. Do tego czasu nadz&oacute;r nad realizacj\u0105 przyj\u0119tej strategii marketingowej b\u0119dzie sprawowa\u0142 Xavier Belison, prezes zarz\u0105du Grupy \u017bywiec.<\/p>\n<p>Ma\u0142gorzata Lubelska jako dyrektor marketingu Frito Layna na Europ\u0119 \u015arodkow\u0105 (1999-2006) opracowa\u0142a i wdro\u017cy\u0142a strategi\u0119 komunikacji Lay&#8217;s, dzi\u0119ki kt&oacute;rej marka zosta\u0142a liderem swojego segmentu z udzia\u0142ami rynkowymi i rozpoznawalno\u015bci\u0105 3-krotnie wy\u017csz\u0105 od wicelidera, a Cheetos zosta\u0142y najpopularniejsz\u0105 mark\u0105 w swojej grupie docelowej.<\/p>\n<p>Odpowiada\u0142a r&oacute;wnie\u017c za program zintegrowania dzia\u0142&oacute;w marketingu po przej\u0119ciu firmy Star Foods, obejmuj\u0105cy m.in. opracowanie strategii zarz\u0105dzania po\u0142\u0105czonym portfelem marek, komunikacj\u0119, strategie cenowe produkt&oacute;w.<\/p>\n<p>Na stanowisku dyrektora marketingu Pepsi Co. International na obszar Rosji i WNP (2006-2009) Ma\u0142gorzata Lubelska by\u0142a odpowiedzialna m.in. za zbudowanie silnego portfela marek Frito Lay.&nbsp;Od 2009 r. by\u0142a dyrektorem marketingu w firmie Lebedyansky &#8211; produkuj\u0105cej soki i napoje owocowe w Rosji, nale\u017c\u0105cej do Pepsi Co. W ci\u0105gu ostatnich dw&oacute;ch lat m.in. opracowa\u0142a i wdro\u017cy\u0142a now\u0105 strategi\u0119 dla portfela marek oraz stworzy\u0142a nowe kampanie reklamowe dla wszystkich wspieranych brand&oacute;w.<\/p>\n","protected":false},"excerpt":{"rendered":"Ma\u0142gorzata Lubelska zosta\u0142a nowym dyrektorem marketingu Grupy \u017bywiec.","protected":false},"author":1,"featured_media":16392,"comment_status":"open","ping_status":"closed","sticky":false,"template":"","format":"standard","meta":{"csco_display_header_overlay":false,"csco_singular_sidebar":"","csco_page_header_type":"","csco_page_load_nextpost":"","csco_post_video_location":[],"csco_post_video_location_hash":"","csco_post_video_url":"","csco_post_video_bg_start_time":0,"csco_post_video_bg_end_time":0,"footnotes":""},"categories":[],"tags":[84],"class_list":{"0":"post-16391","1":"post","2":"type-post","3":"status-publish","4":"format-standard","5":"has-post-thumbnail","7":"tag-grupa-zywiec","8":"cs-entry","9":"cs-video-wrap"},"_links":{"self":[{"href":"https:\/\/mediarun.com\/pl\/wp-json\/wp\/v2\/posts\/16391","targetHints":{"allow":["GET"]}}],"collection":[{"href":"https:\/\/mediarun.com\/pl\/wp-json\/wp\/v2\/posts"}],"about":[{"href":"https:\/\/mediarun.com\/pl\/wp-json\/wp\/v2\/types\/post"}],"author":[{"embeddable":true,"href":"https:\/\/mediarun.com\/pl\/wp-json\/wp\/v2\/users\/1"}],"replies":[{"embeddable":true,"href":"https:\/\/mediarun.com\/pl\/wp-json\/wp\/v2\/comments?post=16391"}],"version-history":[{"count":0,"href":"https:\/\/mediarun.com\/pl\/wp-json\/wp\/v2\/posts\/16391\/revisions"}],"wp:featuredmedia":[{"embeddable":true,"href":"https:\/\/mediarun.com\/pl\/wp-json\/wp\/v2\/media\/16392"}],"wp:attachment":[{"href":"https:\/\/mediarun.com\/pl\/wp-json\/wp\/v2\/media?parent=16391"}],"wp:term":[{"taxonomy":"category","embeddable":true,"href":"https:\/\/mediarun.com\/pl\/wp-json\/wp\/v2\/categories?post=16391"},{"taxonomy":"post_tag","embeddable":true,"href":"https:\/\/mediarun.com\/pl\/wp-json\/wp\/v2\/tags?post=16391"}],"curies":[{"name":"wp","href":"https:\/\/api.w.org\/{rel}","templated":true}]}}